{"id":62711,"date":"2025-05-24T19:17:51","date_gmt":"2025-05-24T19:17:51","guid":{"rendered":"https:\/\/lahora.mx\/?p=62711"},"modified":"2025-05-24T19:17:52","modified_gmt":"2025-05-24T19:17:52","slug":"traza-gobierno-de-puebla-ruta-de-limpieza-y-rescate-del-rio-atoyac","status":"publish","type":"post","link":"https:\/\/lahora.mx\/index.php\/2025\/05\/24\/traza-gobierno-de-puebla-ruta-de-limpieza-y-rescate-del-rio-atoyac\/","title":{"rendered":"Traza Gobierno de Puebla ruta de limpieza y rescate del R\u00edo Atoyac"},"content":{"rendered":"\n<p>Con la finalidad de generar sinergia entre la Federaci\u00f3n y el Estado para salvar el R\u00edo Atoyac, la Comisi\u00f3n Estatal de Agua y Saneamiento (CEASPUE) particip\u00f3 en la reuni\u00f3n de trabajo con el comisionado presidencial para este r\u00edo, Alejandro Isauro Mart\u00ednez Orozco, as\u00ed como personal de CONAGUA, para definir la ruta de su limpieza y rescate.<\/p>\n\n\n\n<p>Bajo la visi\u00f3n de la presidenta Claudia Sheinbaum, plasmada en el Plan H\u00eddrico Nacional, y con el compromiso del gobierno que encabeza Alejandro Armenta, de sanear el Atoyac por su importancia en el equilibro del medio ambiente en Puebla, esta reuni\u00f3n permiti\u00f3 trazar la ruta para el rescate del afluente en los municipios que cruza en el estado y para coordinar las acciones que frenen su contaminaci\u00f3n.<\/p>\n\n\n\n<p>En su momento, el director general de la CEASPUE, Lauro S\u00e1nchez L\u00f3pez, destac\u00f3 que en el Gobierno del Estado hay un firme compromiso por implementar los trabajos necesarios para la recuperaci\u00f3n del r\u00edo, las cuales ya han iniciado con el diagn\u00f3stico, an\u00e1lisis de zonas de riesgo y estudio para la infraestructura h\u00eddrica a desarrollar.<\/p>\n\n\n\n<p>Por su parte, el comisionado presidencial, Alejandro Isauro Mart\u00ednez, sostuvo que desde la Federaci\u00f3n seguir\u00e1 en coordinaci\u00f3n con la administraci\u00f3n estatal y municipios en los siguientes a\u00f1os, al ser un proyecto prioritario del Gobierno de M\u00e9xico, por lo cual mantendr\u00e1n una estrecha comunicaci\u00f3n con Puebla a trav\u00e9s de la CEASPUE y otras dependencias involucradas.<\/p>\n\n\n\n<p>A la reuni\u00f3n tambi\u00e9n asistieron la directora local de la CONAGUA en Puebla, Beatriz Torres Trucios; el secretario t\u00e9cnico de la Coordinaci\u00f3n de Gabinete, Juan Carlos Moreno Valle Abdala; el titular de la Unidad de Inversi\u00f3n, Deuda y otras Obligaciones de la Secretar\u00eda de Planeaci\u00f3n, Finanzas y Administraci\u00f3n; as\u00ed como personal de la CEASPUE de las \u00e1reas t\u00e9cnica, jur\u00eddica y administrativa.<\/p>\n\n\n\n<p>El gobernador de Puebla, Alejandro Armenta ha refrendado su compromiso con la Jornada de saneamiento del R\u00edo Atoyac, en l\u00ednea con el proyecto de la presidenta Claudia Sheinbaum, que contempla este a\u00f1o una inversi\u00f3n de 400 millones de pesos para el primer tramo de alrededor de 35 kil\u00f3metros y en su arranque participan los gobiernos estatales de Tlaxcala y Puebla; as\u00ed como los 70 municipios que colindan con el R\u00edo Atoyac.<\/p>\n","protected":false},"excerpt":{"rendered":"<p>Con la finalidad de generar sinergia entre la Federaci\u00f3n y el Estado para salvar el R\u00edo Atoyac, la Comisi\u00f3n Estatal de Agua y Saneamiento (CEASPUE) particip\u00f3 en la reuni\u00f3n de trabajo con el comisionado presidencial para este r\u00edo, Alejandro Isauro Mart\u00ednez Orozco, as\u00ed como personal de CONAGUA, para definir la ruta de su limpieza y [&hellip;]<\/p>\n","protected":false},"author":4,"featured_media":62712,"comment_status":"open","ping_status":"open","sticky":false,"template":"","format":"standard","meta":{"om_disable_all_campaigns":false,"_monsterinsights_skip_tracking":false,"_monsterinsights_sitenote_active":false,"_monsterinsights_sitenote_note":"","_monsterinsights_sitenote_category":0,"footnotes":""},"categories":[175],"tags":[239,195,223],"class_list":["post-62711","post","type-post","status-publish","format-standard","has-post-thumbnail","hentry","category-local","tag-gobierno","tag-principal","tag-puebla"],"amp_enabled":true,"_links":{"self":[{"href":"https:\/\/lahora.mx\/index.php\/wp-json\/wp\/v2\/posts\/62711","targetHints":{"allow":["GET"]}}],"collection":[{"href":"https:\/\/lahora.mx\/index.php\/wp-json\/wp\/v2\/posts"}],"about":[{"href":"https:\/\/lahora.mx\/index.php\/wp-json\/wp\/v2\/types\/post"}],"author":[{"embeddable":true,"href":"https:\/\/lahora.mx\/index.php\/wp-json\/wp\/v2\/users\/4"}],"replies":[{"embeddable":true,"href":"https:\/\/lahora.mx\/index.php\/wp-json\/wp\/v2\/comments?post=62711"}],"version-history":[{"count":1,"href":"https:\/\/lahora.mx\/index.php\/wp-json\/wp\/v2\/posts\/62711\/revisions"}],"predecessor-version":[{"id":62713,"href":"https:\/\/lahora.mx\/index.php\/wp-json\/wp\/v2\/posts\/62711\/revisions\/62713"}],"wp:featuredmedia":[{"embeddable":true,"href":"https:\/\/lahora.mx\/index.php\/wp-json\/wp\/v2\/media\/62712"}],"wp:attachment":[{"href":"https:\/\/lahora.mx\/index.php\/wp-json\/wp\/v2\/media?parent=62711"}],"wp:term":[{"taxonomy":"category","embeddable":true,"href":"https:\/\/lahora.mx\/index.php\/wp-json\/wp\/v2\/categories?post=62711"},{"taxonomy":"post_tag","embeddable":true,"href":"https:\/\/lahora.mx\/index.php\/wp-json\/wp\/v2\/tags?post=62711"}],"curies":[{"name":"wp","href":"https:\/\/api.w.org\/{rel}","templated":true}]}}