{"id":62708,"date":"2025-05-23T20:22:34","date_gmt":"2025-05-23T20:22:34","guid":{"rendered":"https:\/\/lahora.mx\/?p=62708"},"modified":"2025-05-23T20:22:34","modified_gmt":"2025-05-23T20:22:34","slug":"14-heridos-tras-el-desplome-de-globo-aerostatico-sobre-teotihuacan","status":"publish","type":"post","link":"https:\/\/lahora.mx\/index.php\/2025\/05\/23\/14-heridos-tras-el-desplome-de-globo-aerostatico-sobre-teotihuacan\/","title":{"rendered":"14 heridos tras el desplome de globo aerost\u00e1tico sobre Teotihuacan"},"content":{"rendered":"\n<p>San Mart\u00edn de las Pir\u00e1mides, Edomex.- La ma\u00f1ana del 23 de mayo cerca de 14 personas resultaron gravemente lesionadas despu\u00e9s de que un globo aerost\u00e1tico, pertenecientes a la empresa tur\u00edstica Sky Ballons, se desplomar\u00e1 mientras sobrevolaba la zona arqueol\u00f3gica de Teotihuac\u00e1n y sus alrededores.<br><br>El desafortunado accidente se dio a unos minutos de que el globo aerost\u00e1tico parti\u00f3 de la zona arqueol\u00f3gica. Seg\u00fan testigos, este perdi\u00f3 altura y al intentar aterrizar cerca de las estructuras hist\u00f3ricas, termino desplom\u00e1ndose en la calle Tuxpan del municipio de San Mart\u00edn de las Pir\u00e1mides, en el Estado de M\u00e9xico.<\/p>\n\n\n\n<p>Dentro del globo hab\u00eda 14 personas y todas resultaron heridas, presentando raspones y golpes contusos algo graves. Al poco tiempo llego personal de Protecci\u00f3n Civil y param\u00e9dicos del IMSS municipal, quienes se encargaron de atender a los lesionados para trasladarlos al hospital m\u00e1s cercano.<\/p>\n\n\n\n<p>Cabe se\u00f1alar que el ultimo accidente de este tipo en la zona arqueol\u00f3gica se dio el pasado 11 de abril, cuando uno de estos mismos globos aerost\u00e1ticos derrib\u00f3 parte de la antena de comunicaci\u00f3n que sirve de v\u00ednculo entre el C5 estatal y el C2 municipal de seguridad p\u00fablica del ayuntamiento de Teotihuac\u00e1n.<\/p>\n","protected":false},"excerpt":{"rendered":"<p>San Mart\u00edn de las Pir\u00e1mides, Edomex.- La ma\u00f1ana del 23 de mayo cerca de 14 personas resultaron gravemente lesionadas despu\u00e9s de que un globo aerost\u00e1tico, pertenecientes a la empresa tur\u00edstica Sky Ballons, se desplomar\u00e1 mientras sobrevolaba la zona arqueol\u00f3gica de Teotihuac\u00e1n y sus alrededores. El desafortunado accidente se dio a unos minutos de que el [&hellip;]<\/p>\n","protected":false},"author":4,"featured_media":62709,"comment_status":"open","ping_status":"open","sticky":false,"template":"","format":"standard","meta":{"om_disable_all_campaigns":false,"_monsterinsights_skip_tracking":false,"_monsterinsights_sitenote_active":false,"_monsterinsights_sitenote_note":"","_monsterinsights_sitenote_category":0,"footnotes":""},"categories":[175,226],"tags":[223],"class_list":["post-62708","post","type-post","status-publish","format-standard","has-post-thumbnail","hentry","category-local","category-policia","tag-puebla"],"amp_enabled":true,"_links":{"self":[{"href":"https:\/\/lahora.mx\/index.php\/wp-json\/wp\/v2\/posts\/62708","targetHints":{"allow":["GET"]}}],"collection":[{"href":"https:\/\/lahora.mx\/index.php\/wp-json\/wp\/v2\/posts"}],"about":[{"href":"https:\/\/lahora.mx\/index.php\/wp-json\/wp\/v2\/types\/post"}],"author":[{"embeddable":true,"href":"https:\/\/lahora.mx\/index.php\/wp-json\/wp\/v2\/users\/4"}],"replies":[{"embeddable":true,"href":"https:\/\/lahora.mx\/index.php\/wp-json\/wp\/v2\/comments?post=62708"}],"version-history":[{"count":1,"href":"https:\/\/lahora.mx\/index.php\/wp-json\/wp\/v2\/posts\/62708\/revisions"}],"predecessor-version":[{"id":62710,"href":"https:\/\/lahora.mx\/index.php\/wp-json\/wp\/v2\/posts\/62708\/revisions\/62710"}],"wp:featuredmedia":[{"embeddable":true,"href":"https:\/\/lahora.mx\/index.php\/wp-json\/wp\/v2\/media\/62709"}],"wp:attachment":[{"href":"https:\/\/lahora.mx\/index.php\/wp-json\/wp\/v2\/media?parent=62708"}],"wp:term":[{"taxonomy":"category","embeddable":true,"href":"https:\/\/lahora.mx\/index.php\/wp-json\/wp\/v2\/categories?post=62708"},{"taxonomy":"post_tag","embeddable":true,"href":"https:\/\/lahora.mx\/index.php\/wp-json\/wp\/v2\/tags?post=62708"}],"curies":[{"name":"wp","href":"https:\/\/api.w.org\/{rel}","templated":true}]}}