{"id":62705,"date":"2025-05-23T20:17:25","date_gmt":"2025-05-23T20:17:25","guid":{"rendered":"https:\/\/lahora.mx\/?p=62705"},"modified":"2025-05-23T20:17:25","modified_gmt":"2025-05-23T20:17:25","slug":"sismo-de-magnitud-4-5-se-registra-al-suroeste-de-sayula-de-aleman-veracruz","status":"publish","type":"post","link":"https:\/\/lahora.mx\/index.php\/2025\/05\/23\/sismo-de-magnitud-4-5-se-registra-al-suroeste-de-sayula-de-aleman-veracruz\/","title":{"rendered":"Sismo de magnitud 4.5 se registra al suroeste de Sayula de Alem\u00e1n, Veracruz"},"content":{"rendered":"\n<p>El Servicio Sismol\u00f3gico Nacional (SSN) report\u00f3 un sismo de magnitud 4.5 localizado a 51 kil\u00f3metros al suroeste de Sayula de Alem\u00e1n, Veracruz.<br><br>El movimiento tel\u00farico ocurri\u00f3 este viernes 23 de mayo de 2025 a las 11:18:29 horas, con una profundidad de 130 kil\u00f3metros, en las coordenadas 17.47\u00b0 latitud norte y -95.18\u00b0 longitud oeste.<\/p>\n\n\n\n<p>Hasta el momento, no se reportan da\u00f1os materiales ni personas lesionadas en la regi\u00f3n, seg\u00fan informaron autoridades de Protecci\u00f3n Civil.<\/p>\n\n\n\n<p>Aunque la magnitud fue moderada, el sismo fue perceptible en algunas zonas del sur de Veracruz y el Istmo de Tehuantepec. Las autoridades hacen un llamado a la poblaci\u00f3n a mantenerse informada a trav\u00e9s de canales oficiales y a revisar sus protocolos familiares de protecci\u00f3n civil.<\/p>\n","protected":false},"excerpt":{"rendered":"<p>El Servicio Sismol\u00f3gico Nacional (SSN) report\u00f3 un sismo de magnitud 4.5 localizado a 51 kil\u00f3metros al suroeste de Sayula de Alem\u00e1n, Veracruz. El movimiento tel\u00farico ocurri\u00f3 este viernes 23 de mayo de 2025 a las 11:18:29 horas, con una profundidad de 130 kil\u00f3metros, en las coordenadas 17.47\u00b0 latitud norte y -95.18\u00b0 longitud oeste. Hasta el [&hellip;]<\/p>\n","protected":false},"author":4,"featured_media":62706,"comment_status":"open","ping_status":"open","sticky":false,"template":"","format":"standard","meta":{"om_disable_all_campaigns":false,"_monsterinsights_skip_tracking":false,"_monsterinsights_sitenote_active":false,"_monsterinsights_sitenote_note":"","_monsterinsights_sitenote_category":0,"footnotes":""},"categories":[176],"tags":[223],"class_list":["post-62705","post","type-post","status-publish","format-standard","has-post-thumbnail","hentry","category-nacional","tag-puebla"],"amp_enabled":true,"_links":{"self":[{"href":"https:\/\/lahora.mx\/index.php\/wp-json\/wp\/v2\/posts\/62705","targetHints":{"allow":["GET"]}}],"collection":[{"href":"https:\/\/lahora.mx\/index.php\/wp-json\/wp\/v2\/posts"}],"about":[{"href":"https:\/\/lahora.mx\/index.php\/wp-json\/wp\/v2\/types\/post"}],"author":[{"embeddable":true,"href":"https:\/\/lahora.mx\/index.php\/wp-json\/wp\/v2\/users\/4"}],"replies":[{"embeddable":true,"href":"https:\/\/lahora.mx\/index.php\/wp-json\/wp\/v2\/comments?post=62705"}],"version-history":[{"count":1,"href":"https:\/\/lahora.mx\/index.php\/wp-json\/wp\/v2\/posts\/62705\/revisions"}],"predecessor-version":[{"id":62707,"href":"https:\/\/lahora.mx\/index.php\/wp-json\/wp\/v2\/posts\/62705\/revisions\/62707"}],"wp:featuredmedia":[{"embeddable":true,"href":"https:\/\/lahora.mx\/index.php\/wp-json\/wp\/v2\/media\/62706"}],"wp:attachment":[{"href":"https:\/\/lahora.mx\/index.php\/wp-json\/wp\/v2\/media?parent=62705"}],"wp:term":[{"taxonomy":"category","embeddable":true,"href":"https:\/\/lahora.mx\/index.php\/wp-json\/wp\/v2\/categories?post=62705"},{"taxonomy":"post_tag","embeddable":true,"href":"https:\/\/lahora.mx\/index.php\/wp-json\/wp\/v2\/tags?post=62705"}],"curies":[{"name":"wp","href":"https:\/\/api.w.org\/{rel}","templated":true}]}}