{"id":6270,"date":"2022-04-30T01:20:58","date_gmt":"2022-04-30T01:20:58","guid":{"rendered":"http:\/\/lahora.mx\/?p=6270"},"modified":"2022-04-30T01:20:59","modified_gmt":"2022-04-30T01:20:59","slug":"dejen-de-llamar-traidores-a-opositores-ine-ordena-a-morena","status":"publish","type":"post","link":"https:\/\/lahora.mx\/index.php\/2022\/04\/30\/dejen-de-llamar-traidores-a-opositores-ine-ordena-a-morena\/","title":{"rendered":"Dejen de llamar \u201ctraidores\u201d a opositores INE ordena a MORENA"},"content":{"rendered":"\n<p>La Comisi\u00f3n de Quejas y Denuncias del Instituto Nacional Electoral (<strong>INE<\/strong>)&nbsp;<strong>orden\u00f3 a los dirigentes de Morena dejar de llamar a los diputados de oposici\u00f3n \u201ctraidores a la patria\u201d,<\/strong>&nbsp;as\u00ed como retirar todo el contenido en redes o cualquier plataforma de la campa\u00f1a derivada.<\/p>\n\n\n\n<p>Derivado de una&nbsp;<strong>denuncia<\/strong>&nbsp;realizada por el&nbsp;<strong>PAN<\/strong>&nbsp;y otros legisladores, el organismo&nbsp;<strong>orden\u00f3<\/strong>&nbsp;a&nbsp;<strong>Mario Delgado,<\/strong>&nbsp;dirigente nacional;&nbsp;<strong>Citlalli Hern\u00e1ndez<\/strong>, secretaria General y&nbsp;<strong>Diego Hern\u00e1ndez Guti\u00e9rrez<\/strong>, Secretario de Comunicaci\u00f3n, as\u00ed como a&nbsp;<strong>cualquier miembro activo<\/strong>&nbsp;de Morena,&nbsp;<strong>dejar de llamar \u201ctraidores a la patria\u201d<\/strong>&nbsp;a los&nbsp;<strong>legisladores que votaron en contra<\/strong>&nbsp;de la&nbsp;<strong>reforma el\u00e9ctrica.<\/strong><\/p>\n\n\n\n<p>La Comisi\u00f3n estim\u00f3 que el se\u00f1alamiento contra los legisladores\u00a0<strong>representa una calumnia y posible campa\u00f1a de odio<\/strong>\u00a0que puede violar los derechos de los legisladores e incluso\u00a0<strong>poner en riesgo su integridad<\/strong>, al\u00a0<strong>imputar directamente un delito<\/strong>\u00a0del cual no se ha establecido la culpabilidad del partido pol\u00edtico.<br><\/p>\n\n\n\n<p>Se\u00f1al\u00f3 que&nbsp;<strong>no se trat\u00f3 de una manifestaci\u00f3n aislada o espont\u00e1nea<\/strong>&nbsp;surgida o emitida solamente en el \u00e1mbito parlamentario, sino que&nbsp;<strong>trascendi\u00f3 de la esfera legislativa<\/strong>&nbsp;y ahora forman parte de una&nbsp;<strong>posible estrategia o campa\u00f1a partidista<\/strong>.<\/p>\n\n\n\n<p>Seg\u00fan la comisi\u00f3n del INE,&nbsp;<strong>Morena viol\u00f3 el art\u00edculo 25<\/strong>&nbsp;de la Ley General de Partidos Pol\u00edticos&nbsp;<strong>al no ajustar su conducta y la de sus militantes&nbsp;<\/strong>a respetar los dem\u00e1s partidos con la campa\u00f1a referida.<\/p>\n\n\n\n<p>Tambi\u00e9n precis\u00f3 que este tipo de manifestaciones podr\u00edan\u00a0<strong>vulnerar el derecho de los legisladores<\/strong>\u00a0al buen desempe\u00f1o de su cargo, pues da la impresi\u00f3n que\u00a0<strong>al votar en contra<\/strong>\u00a0de las reformas del partido mayoritario o del Presidente de la Rep\u00fablica\u00a0<strong>ser\u00e1n se\u00f1alados mediante campa\u00f1as de odio<\/strong>.<br><\/p>\n\n\n\n<p>La comisi\u00f3n dio un&nbsp;<strong>plazo no mayor a tres horas<\/strong>&nbsp;para&nbsp;<strong>eliminar las publicaciones<\/strong>&nbsp;denunciadas en sus&nbsp;<strong>redes sociales<\/strong>, as\u00ed como de&nbsp;<strong>cualquier otra plataforma electr\u00f3nica o impresa<\/strong>&nbsp;bajo su dominio, control o administraci\u00f3n.<\/p>\n\n\n\n<p>Finalmente, dict\u00f3&nbsp;<strong>tutela preventiva<\/strong>&nbsp;en contra de&nbsp;<strong>Delgado y Hern\u00e1ndez<\/strong>, al considerar que, aparentemente, existen elementos suficientes para suponer que se&nbsp;<strong>repetir\u00e1n las conductas relacionadas<\/strong>&nbsp;con un posible discurso de odio.<\/p>\n","protected":false},"excerpt":{"rendered":"<p>La Comisi\u00f3n de Quejas y Denuncias del Instituto Nacional Electoral (INE)&nbsp;orden\u00f3 a los dirigentes de Morena dejar de llamar a los diputados de oposici\u00f3n \u201ctraidores a la patria\u201d,&nbsp;as\u00ed como retirar todo el contenido en redes o cualquier plataforma de la campa\u00f1a derivada. Derivado de una&nbsp;denuncia&nbsp;realizada por el&nbsp;PAN&nbsp;y otros legisladores, el organismo&nbsp;orden\u00f3&nbsp;a&nbsp;Mario Delgado,&nbsp;dirigente nacional;&nbsp;Citlalli Hern\u00e1ndez, secretaria [&hellip;]<\/p>\n","protected":false},"author":4,"featured_media":6271,"comment_status":"open","ping_status":"open","sticky":false,"template":"","format":"standard","meta":{"om_disable_all_campaigns":false,"_monsterinsights_skip_tracking":false,"_monsterinsights_sitenote_active":false,"_monsterinsights_sitenote_note":"","_monsterinsights_sitenote_category":0,"footnotes":""},"categories":[176],"tags":[],"class_list":["post-6270","post","type-post","status-publish","format-standard","has-post-thumbnail","hentry","category-nacional"],"amp_enabled":true,"_links":{"self":[{"href":"https:\/\/lahora.mx\/index.php\/wp-json\/wp\/v2\/posts\/6270","targetHints":{"allow":["GET"]}}],"collection":[{"href":"https:\/\/lahora.mx\/index.php\/wp-json\/wp\/v2\/posts"}],"about":[{"href":"https:\/\/lahora.mx\/index.php\/wp-json\/wp\/v2\/types\/post"}],"author":[{"embeddable":true,"href":"https:\/\/lahora.mx\/index.php\/wp-json\/wp\/v2\/users\/4"}],"replies":[{"embeddable":true,"href":"https:\/\/lahora.mx\/index.php\/wp-json\/wp\/v2\/comments?post=6270"}],"version-history":[{"count":1,"href":"https:\/\/lahora.mx\/index.php\/wp-json\/wp\/v2\/posts\/6270\/revisions"}],"predecessor-version":[{"id":6272,"href":"https:\/\/lahora.mx\/index.php\/wp-json\/wp\/v2\/posts\/6270\/revisions\/6272"}],"wp:featuredmedia":[{"embeddable":true,"href":"https:\/\/lahora.mx\/index.php\/wp-json\/wp\/v2\/media\/6271"}],"wp:attachment":[{"href":"https:\/\/lahora.mx\/index.php\/wp-json\/wp\/v2\/media?parent=6270"}],"wp:term":[{"taxonomy":"category","embeddable":true,"href":"https:\/\/lahora.mx\/index.php\/wp-json\/wp\/v2\/categories?post=6270"},{"taxonomy":"post_tag","embeddable":true,"href":"https:\/\/lahora.mx\/index.php\/wp-json\/wp\/v2\/tags?post=6270"}],"curies":[{"name":"wp","href":"https:\/\/api.w.org\/{rel}","templated":true}]}}