{"id":62699,"date":"2025-05-23T20:09:52","date_gmt":"2025-05-23T20:09:52","guid":{"rendered":"https:\/\/lahora.mx\/?p=62699"},"modified":"2025-05-23T20:09:53","modified_gmt":"2025-05-23T20:09:53","slug":"canicula-se-extendera-hasta-octubre-en-puebla","status":"publish","type":"post","link":"https:\/\/lahora.mx\/index.php\/2025\/05\/23\/canicula-se-extendera-hasta-octubre-en-puebla\/","title":{"rendered":"Can\u00edcula se extender\u00e1 hasta octubre en Puebla"},"content":{"rendered":"\n<p>El aumento sostenido de la temperatura durante la can\u00edcula en Puebla podr\u00eda provocar un repunte de enfermedades relacionadas con el calor, advirti\u00f3 el Instituto Mexicano del Seguro Social (IMSS).<\/p>\n\n\n\n<p>La temporada se extender\u00e1 hasta octubre, por lo que el IMSS emiti\u00f3 una serie de medidas preventivas para reducir riesgos, especialmente entre los grupos m\u00e1s vulnerables.<\/p>\n\n\n\n<p>Entre las principales recomendaciones est\u00e1n mantenerse hidratado, evitar la exposici\u00f3n prolongada al sol, utilizar protector solar, vestir ropa ligera de algod\u00f3n y manga larga, y evitar consumir alimentos en la v\u00eda p\u00fablica.<\/p>\n\n\n\n<p>Tambi\u00e9n se sugiere verificar el estado de los alimentos antes de ingerirlos, debido al aumento en el riesgo de infecciones gastrointestinales.<\/p>\n\n\n\n<p>La doctora Nathalie Mendoza, del IMSS en Puebla, se\u00f1al\u00f3 que se espera un comportamiento similar al del a\u00f1o pasado en cuanto a personas afectadas por las altas temperaturas, aunque no se descarta un incremento de hasta 10 por ciento. Hasta el momento, no se han registrado defunciones por golpe de calor en la entidad.<\/p>\n\n\n\n<p>Adem\u00e1s del consumo de agua, recomend\u00f3 el uso de sueros con electrolitos, especialmente en personas adultas mayores, menores de edad, personas con enfermedades cr\u00f3nicas y quienes trabajan o hacen ejercicio al aire libre.<\/p>\n\n\n\n<p>Tambi\u00e9n destac\u00f3 la importancia de mantener ventilados los espacios cerrados para facilitar la circulaci\u00f3n del aire y evitar la acumulaci\u00f3n de calor.<\/p>\n\n\n\n<p>En caso de presentar s\u00edntomas como fiebre, v\u00f3mito, dolor estomacal, diarrea, malestar general o p\u00e9rdida repentina de peso, se recomienda acudir a la unidad m\u00e9dica m\u00e1s cercana.<\/p>\n","protected":false},"excerpt":{"rendered":"<p>El aumento sostenido de la temperatura durante la can\u00edcula en Puebla podr\u00eda provocar un repunte de enfermedades relacionadas con el calor, advirti\u00f3 el Instituto Mexicano del Seguro Social (IMSS). La temporada se extender\u00e1 hasta octubre, por lo que el IMSS emiti\u00f3 una serie de medidas preventivas para reducir riesgos, especialmente entre los grupos m\u00e1s vulnerables. [&hellip;]<\/p>\n","protected":false},"author":4,"featured_media":62700,"comment_status":"open","ping_status":"open","sticky":false,"template":"","format":"standard","meta":{"om_disable_all_campaigns":false,"_monsterinsights_skip_tracking":false,"_monsterinsights_sitenote_active":false,"_monsterinsights_sitenote_note":"","_monsterinsights_sitenote_category":0,"footnotes":""},"categories":[175],"tags":[195,223],"class_list":["post-62699","post","type-post","status-publish","format-standard","has-post-thumbnail","hentry","category-local","tag-principal","tag-puebla"],"amp_enabled":true,"_links":{"self":[{"href":"https:\/\/lahora.mx\/index.php\/wp-json\/wp\/v2\/posts\/62699","targetHints":{"allow":["GET"]}}],"collection":[{"href":"https:\/\/lahora.mx\/index.php\/wp-json\/wp\/v2\/posts"}],"about":[{"href":"https:\/\/lahora.mx\/index.php\/wp-json\/wp\/v2\/types\/post"}],"author":[{"embeddable":true,"href":"https:\/\/lahora.mx\/index.php\/wp-json\/wp\/v2\/users\/4"}],"replies":[{"embeddable":true,"href":"https:\/\/lahora.mx\/index.php\/wp-json\/wp\/v2\/comments?post=62699"}],"version-history":[{"count":1,"href":"https:\/\/lahora.mx\/index.php\/wp-json\/wp\/v2\/posts\/62699\/revisions"}],"predecessor-version":[{"id":62701,"href":"https:\/\/lahora.mx\/index.php\/wp-json\/wp\/v2\/posts\/62699\/revisions\/62701"}],"wp:featuredmedia":[{"embeddable":true,"href":"https:\/\/lahora.mx\/index.php\/wp-json\/wp\/v2\/media\/62700"}],"wp:attachment":[{"href":"https:\/\/lahora.mx\/index.php\/wp-json\/wp\/v2\/media?parent=62699"}],"wp:term":[{"taxonomy":"category","embeddable":true,"href":"https:\/\/lahora.mx\/index.php\/wp-json\/wp\/v2\/categories?post=62699"},{"taxonomy":"post_tag","embeddable":true,"href":"https:\/\/lahora.mx\/index.php\/wp-json\/wp\/v2\/tags?post=62699"}],"curies":[{"name":"wp","href":"https:\/\/api.w.org\/{rel}","templated":true}]}}