{"id":62693,"date":"2025-05-23T20:04:03","date_gmt":"2025-05-23T20:04:03","guid":{"rendered":"https:\/\/lahora.mx\/?p=62693"},"modified":"2025-05-23T20:04:04","modified_gmt":"2025-05-23T20:04:04","slug":"roban-camion-cargado-con-mangos-en-la-autopista-puebla-orizaba","status":"publish","type":"post","link":"https:\/\/lahora.mx\/index.php\/2025\/05\/23\/roban-camion-cargado-con-mangos-en-la-autopista-puebla-orizaba\/","title":{"rendered":"Roban cami\u00f3n cargado con mangos en la autopista Puebla-Orizaba"},"content":{"rendered":"\n<p>Un cami\u00f3n cargado con mangos fue asaltado mientras circulaba por la autopista Puebla-Orizaba, en el tramo de Acatzingo a Ciudad Mendoza, justo en la zona entre Puebla y Veracruz.<\/p>\n\n\n\n<p>Seg\u00fan testimonios de otros transportistas, durante la noche del jueves 22 de mayo un grupo de hombres armados detuvo al cami\u00f3n tipo tort\u00f3n cuando pasaba por el \u00e1rea conocida como \u00abEn Ciudad Mendoza\u00bb, en las Cumbres de Maltrata, cuando el chofer fue amenazado con armas y obligado a entregar la unidad.<\/p>\n\n\n\n<p>El asalto fue captado en video por la c\u00e1mara de seguridad de otro tr\u00e1iler que circulaba detr\u00e1s del cami\u00f3n robado, donde se observa a varios sujetos con armas que maniobran la pesada unidad para poder llev\u00e1rsela, sin importarles la presencia de otros conductores.<\/p>\n\n\n\n<p>Los choferes que utilizan esta ruta con frecuencia denuncian que ese tramo de la autopista Puebla-Orizaba es muy peligroso, y aunque los robos son comunes en esta zona, hay poca presencia de seguridad.<\/p>\n\n\n\n<p>Hasta ahora, las autoridades no han dado mayor informaci\u00f3n sobre los responsables del robo o si fue recuperado el cami\u00f3n.<\/p>\n","protected":false},"excerpt":{"rendered":"<p>Un cami\u00f3n cargado con mangos fue asaltado mientras circulaba por la autopista Puebla-Orizaba, en el tramo de Acatzingo a Ciudad Mendoza, justo en la zona entre Puebla y Veracruz. Seg\u00fan testimonios de otros transportistas, durante la noche del jueves 22 de mayo un grupo de hombres armados detuvo al cami\u00f3n tipo tort\u00f3n cuando pasaba por [&hellip;]<\/p>\n","protected":false},"author":4,"featured_media":62694,"comment_status":"open","ping_status":"open","sticky":false,"template":"","format":"standard","meta":{"om_disable_all_campaigns":false,"_monsterinsights_skip_tracking":false,"_monsterinsights_sitenote_active":false,"_monsterinsights_sitenote_note":"","_monsterinsights_sitenote_category":0,"footnotes":""},"categories":[175,226],"tags":[],"class_list":["post-62693","post","type-post","status-publish","format-standard","has-post-thumbnail","hentry","category-local","category-policia"],"amp_enabled":true,"_links":{"self":[{"href":"https:\/\/lahora.mx\/index.php\/wp-json\/wp\/v2\/posts\/62693","targetHints":{"allow":["GET"]}}],"collection":[{"href":"https:\/\/lahora.mx\/index.php\/wp-json\/wp\/v2\/posts"}],"about":[{"href":"https:\/\/lahora.mx\/index.php\/wp-json\/wp\/v2\/types\/post"}],"author":[{"embeddable":true,"href":"https:\/\/lahora.mx\/index.php\/wp-json\/wp\/v2\/users\/4"}],"replies":[{"embeddable":true,"href":"https:\/\/lahora.mx\/index.php\/wp-json\/wp\/v2\/comments?post=62693"}],"version-history":[{"count":1,"href":"https:\/\/lahora.mx\/index.php\/wp-json\/wp\/v2\/posts\/62693\/revisions"}],"predecessor-version":[{"id":62695,"href":"https:\/\/lahora.mx\/index.php\/wp-json\/wp\/v2\/posts\/62693\/revisions\/62695"}],"wp:featuredmedia":[{"embeddable":true,"href":"https:\/\/lahora.mx\/index.php\/wp-json\/wp\/v2\/media\/62694"}],"wp:attachment":[{"href":"https:\/\/lahora.mx\/index.php\/wp-json\/wp\/v2\/media?parent=62693"}],"wp:term":[{"taxonomy":"category","embeddable":true,"href":"https:\/\/lahora.mx\/index.php\/wp-json\/wp\/v2\/categories?post=62693"},{"taxonomy":"post_tag","embeddable":true,"href":"https:\/\/lahora.mx\/index.php\/wp-json\/wp\/v2\/tags?post=62693"}],"curies":[{"name":"wp","href":"https:\/\/api.w.org\/{rel}","templated":true}]}}