{"id":62690,"date":"2025-05-23T20:02:19","date_gmt":"2025-05-23T20:02:19","guid":{"rendered":"https:\/\/lahora.mx\/?p=62690"},"modified":"2025-05-23T20:02:19","modified_gmt":"2025-05-23T20:02:19","slug":"anuncian-posible-cierre-de-recta-a-cholula-por-manifestacion-de-activistas-cholultecas","status":"publish","type":"post","link":"https:\/\/lahora.mx\/index.php\/2025\/05\/23\/anuncian-posible-cierre-de-recta-a-cholula-por-manifestacion-de-activistas-cholultecas\/","title":{"rendered":"Anuncian posible cierre de Recta a Cholula por manifestaci\u00f3n de activistas cholultecas"},"content":{"rendered":"\n<p>El grupo Cholultecas Unidos en Resistencia anunci\u00f3 que eval\u00faa cerrar la Recta a Cholula o tomar la presidencia municipal de San Andr\u00e9s Cholula, en el marco de su protesta contra el Plan de Desarrollo Urbano. Adem\u00e1s, confirmaron que el bloqueo en San Bernardino Tlaxcalancingo se mantendr\u00e1 de manera indefinida.<\/p>\n\n\n\n<p>\u201cAhorita se est\u00e1 llevando a cabo una asamblea en la cabecera municipal; se van a tomar decisiones sobre si se cierra la Recta a Cholula o se toma la presidencia municipal\u201d, informaron en rueda de prensa.<\/p>\n\n\n\n<p>Respecto al plant\u00f3n, indicaron que continuar\u00e1 aunque se concrete una reuni\u00f3n con la presidenta municipal Guadalupe Cuautle Torres. Se\u00f1alaron que autoridades locales les solicitaron abrir la vialidad antes de dialogar, pero la organizaci\u00f3n se neg\u00f3, ya que insisten en una asamblea con representantes del gobierno del estado.<\/p>\n\n\n\n<p>Hasta el momento, el bloqueo en la Carretera Federal a Atlixco, a la altura de San Bernardino Tlaxcalancingo, cumple m\u00e1s de 24 horas. Inici\u00f3 el jueves a las 10:00 horas y mantiene cerrada la circulaci\u00f3n en ambos sentidos.<\/p>\n\n\n\n<p>La principal exigencia de los manifestantes es que sus propuestas en torno al plan de desarrollo urbano sean consideradas. Aseguran que han sido ignorados por el Ayuntamiento de San Andr\u00e9s Cholula y el gobierno estatal.<\/p>\n\n\n\n<p>Recordaron que el acuerdo era que la propuesta de los pueblos originarios fuera avalada por instituciones acad\u00e9micas, lo cual ya se cumpli\u00f3. La BUAP, la UDLAP y la Universidad Iberoamericana aprobaron el documento hace dos semanas, pero hasta ahora no ha habido respuesta oficial del municipio.<\/p>\n","protected":false},"excerpt":{"rendered":"<p>El grupo Cholultecas Unidos en Resistencia anunci\u00f3 que eval\u00faa cerrar la Recta a Cholula o tomar la presidencia municipal de San Andr\u00e9s Cholula, en el marco de su protesta contra el Plan de Desarrollo Urbano. Adem\u00e1s, confirmaron que el bloqueo en San Bernardino Tlaxcalancingo se mantendr\u00e1 de manera indefinida. \u201cAhorita se est\u00e1 llevando a cabo [&hellip;]<\/p>\n","protected":false},"author":4,"featured_media":62691,"comment_status":"open","ping_status":"open","sticky":false,"template":"","format":"standard","meta":{"om_disable_all_campaigns":false,"_monsterinsights_skip_tracking":false,"_monsterinsights_sitenote_active":false,"_monsterinsights_sitenote_note":"","_monsterinsights_sitenote_category":0,"footnotes":""},"categories":[175],"tags":[234,195,223],"class_list":["post-62690","post","type-post","status-publish","format-standard","has-post-thumbnail","hentry","category-local","tag-cholula","tag-principal","tag-puebla"],"amp_enabled":true,"_links":{"self":[{"href":"https:\/\/lahora.mx\/index.php\/wp-json\/wp\/v2\/posts\/62690","targetHints":{"allow":["GET"]}}],"collection":[{"href":"https:\/\/lahora.mx\/index.php\/wp-json\/wp\/v2\/posts"}],"about":[{"href":"https:\/\/lahora.mx\/index.php\/wp-json\/wp\/v2\/types\/post"}],"author":[{"embeddable":true,"href":"https:\/\/lahora.mx\/index.php\/wp-json\/wp\/v2\/users\/4"}],"replies":[{"embeddable":true,"href":"https:\/\/lahora.mx\/index.php\/wp-json\/wp\/v2\/comments?post=62690"}],"version-history":[{"count":1,"href":"https:\/\/lahora.mx\/index.php\/wp-json\/wp\/v2\/posts\/62690\/revisions"}],"predecessor-version":[{"id":62692,"href":"https:\/\/lahora.mx\/index.php\/wp-json\/wp\/v2\/posts\/62690\/revisions\/62692"}],"wp:featuredmedia":[{"embeddable":true,"href":"https:\/\/lahora.mx\/index.php\/wp-json\/wp\/v2\/media\/62691"}],"wp:attachment":[{"href":"https:\/\/lahora.mx\/index.php\/wp-json\/wp\/v2\/media?parent=62690"}],"wp:term":[{"taxonomy":"category","embeddable":true,"href":"https:\/\/lahora.mx\/index.php\/wp-json\/wp\/v2\/categories?post=62690"},{"taxonomy":"post_tag","embeddable":true,"href":"https:\/\/lahora.mx\/index.php\/wp-json\/wp\/v2\/tags?post=62690"}],"curies":[{"name":"wp","href":"https:\/\/api.w.org\/{rel}","templated":true}]}}