{"id":62678,"date":"2025-05-23T16:41:11","date_gmt":"2025-05-23T16:41:11","guid":{"rendered":"https:\/\/lahora.mx\/?p=62678"},"modified":"2025-05-23T16:41:12","modified_gmt":"2025-05-23T16:41:12","slug":"cierre-en-federal-a-atlixco-cumple-24-horas-a-la-altura-de-tlaxcalancingo","status":"publish","type":"post","link":"https:\/\/lahora.mx\/index.php\/2025\/05\/23\/cierre-en-federal-a-atlixco-cumple-24-horas-a-la-altura-de-tlaxcalancingo\/","title":{"rendered":"Cierre en federal a Atlixco cumple 24 horas a la altura de Tlaxcalancingo"},"content":{"rendered":"\n<p>El bloqueo de la Carretera Federal a Atlixco, a la altura de San Bernardino Tlaxcalancingo, cumpli\u00f3 24 horas , luego de que el colectivo Cholultecas Unidos en Resistencia asegurara que no fue recibido por el Ayuntamiento de San Andr\u00e9s Cholula.<\/p>\n\n\n\n<p>Un grupo de aproximadamente 15 personas pernoct\u00f3 sobre la vialidad, frente a la iglesia de San Bernardino Tlaxcalancingo, debajo del puente que cruza esta carretera.<\/p>\n\n\n\n<p>Con llantas y una fogata, los manifestantes mantuvieron el paso cerrado durante todo el jueves y se prolongo hasta este viernes, en demanda de ser atendidos por las autoridades municipales.<\/p>\n\n\n\n<p>Los inconformes informaron que este viernes a las 10:00 horas dar\u00e1n a conocer un posicionamiento sobre el rumbo de su protesta, as\u00ed como sobre la respuesta que haya dado el gobierno municipal.<\/p>\n\n\n\n<p>Ayer jueves, hubo tensi\u00f3n entre ambas partes. El Ayuntamiento de San Andr\u00e9s Cholula afirm\u00f3 que los manifestantes no asistieron a la reuni\u00f3n previamente pactada en Casa Aguayo ni a la posterior convocatoria en el CIS.<\/p>\n\n\n\n<p>Por su parte, integrantes del colectivo lamentaron la falta de apertura al di\u00e1logo.<\/p>\n\n\n\n<p>En uno de sus comunicados, el Ayuntamiento se\u00f1al\u00f3 que el movimiento podr\u00eda estar vinculado con la organizaci\u00f3n 28 de Octubre, aunque reiter\u00f3 su disposici\u00f3n para establecer una mesa de di\u00e1logo.<\/p>\n\n\n\n<p>Despu\u00e9s del pronunciamiento que har\u00e1n los pueblos originarios a las 12:00 horas de este viernes, el Ayuntamiento de San Andr\u00e9s Cholula dar\u00e1 su versi\u00f3n de los hechos en las instalaciones del Complejo de Seguridad P\u00fablica Municipal.<\/p>\n","protected":false},"excerpt":{"rendered":"<p>El bloqueo de la Carretera Federal a Atlixco, a la altura de San Bernardino Tlaxcalancingo, cumpli\u00f3 24 horas , luego de que el colectivo Cholultecas Unidos en Resistencia asegurara que no fue recibido por el Ayuntamiento de San Andr\u00e9s Cholula. Un grupo de aproximadamente 15 personas pernoct\u00f3 sobre la vialidad, frente a la iglesia de [&hellip;]<\/p>\n","protected":false},"author":4,"featured_media":62679,"comment_status":"open","ping_status":"open","sticky":false,"template":"","format":"standard","meta":{"om_disable_all_campaigns":false,"_monsterinsights_skip_tracking":false,"_monsterinsights_sitenote_active":false,"_monsterinsights_sitenote_note":"","_monsterinsights_sitenote_category":0,"footnotes":""},"categories":[175],"tags":[195,223],"class_list":["post-62678","post","type-post","status-publish","format-standard","has-post-thumbnail","hentry","category-local","tag-principal","tag-puebla"],"amp_enabled":true,"_links":{"self":[{"href":"https:\/\/lahora.mx\/index.php\/wp-json\/wp\/v2\/posts\/62678","targetHints":{"allow":["GET"]}}],"collection":[{"href":"https:\/\/lahora.mx\/index.php\/wp-json\/wp\/v2\/posts"}],"about":[{"href":"https:\/\/lahora.mx\/index.php\/wp-json\/wp\/v2\/types\/post"}],"author":[{"embeddable":true,"href":"https:\/\/lahora.mx\/index.php\/wp-json\/wp\/v2\/users\/4"}],"replies":[{"embeddable":true,"href":"https:\/\/lahora.mx\/index.php\/wp-json\/wp\/v2\/comments?post=62678"}],"version-history":[{"count":1,"href":"https:\/\/lahora.mx\/index.php\/wp-json\/wp\/v2\/posts\/62678\/revisions"}],"predecessor-version":[{"id":62680,"href":"https:\/\/lahora.mx\/index.php\/wp-json\/wp\/v2\/posts\/62678\/revisions\/62680"}],"wp:featuredmedia":[{"embeddable":true,"href":"https:\/\/lahora.mx\/index.php\/wp-json\/wp\/v2\/media\/62679"}],"wp:attachment":[{"href":"https:\/\/lahora.mx\/index.php\/wp-json\/wp\/v2\/media?parent=62678"}],"wp:term":[{"taxonomy":"category","embeddable":true,"href":"https:\/\/lahora.mx\/index.php\/wp-json\/wp\/v2\/categories?post=62678"},{"taxonomy":"post_tag","embeddable":true,"href":"https:\/\/lahora.mx\/index.php\/wp-json\/wp\/v2\/tags?post=62678"}],"curies":[{"name":"wp","href":"https:\/\/api.w.org\/{rel}","templated":true}]}}