{"id":62639,"date":"2025-05-22T16:35:42","date_gmt":"2025-05-22T16:35:42","guid":{"rendered":"https:\/\/lahora.mx\/?p=62639"},"modified":"2025-05-22T16:35:43","modified_gmt":"2025-05-22T16:35:43","slug":"inflacion-de-mexico-se-acelera-sube-a-4-22-en-primera-quincena-de-mayo","status":"publish","type":"post","link":"https:\/\/lahora.mx\/index.php\/2025\/05\/22\/inflacion-de-mexico-se-acelera-sube-a-4-22-en-primera-quincena-de-mayo\/","title":{"rendered":"\u00a1Inflaci\u00f3n de M\u00e9xico se acelera! Sube a 4.22% en primera quincena de mayo"},"content":{"rendered":"\n<p>En tanto, el \u00edndice de precios subyacente registr\u00f3 un incremento de 0.16 por ciento a tasa quincenal. Al interior de este los precios de las mercanc\u00edas subieron 0.13 por ciento y los de los servicios un 0.18 por ciento.<\/p>\n\n\n\n<p>Mientras que el \u00edndice de precios no subyacente disminuy\u00f3 0.15%. Dentro de este los precios de los productos agropecuarios subieron 2.30 por ciento y los de los energ\u00e9ticos y tarifas autorizadas por el gobierno disminuyeron 2.10 por ciento debido a los ajustes en las tarifas el\u00e9ctricas por temporada c\u00e1lida en 11 ciudades del pa\u00eds.<\/p>\n\n\n\n<p>Productos que subieron de precio en primera quincena de mayo 2025<\/p>\n\n\n\n<p>Entre los productos y servicios que m\u00e1s subieron de precio durante la primera quincena de mayo de 2025 y con ello influyeron en la inflaci\u00f3n fueron:<\/p>\n\n\n\n<p>Papaya, con un aumento del 16.25%<br>Cine, con un incremento del 14.82%<br>Pollo, con una subida del 8.96%<br>Pl\u00e1tanos, con un crecimiento del 4.94%<br>Jitomate, con un aumento del 4.37%<br>Papa y otros tub\u00e9rculos, con un incremento del 4.17%<br>Productos que bajaron de precio en primera quincena de mayo de 2025<br>En contraste, los productos y servicios que m\u00e1s bajaron de precio en la primera quincena de mayo de 2025 fueron:<\/p>\n\n\n\n<p>Electricidad, con una disminuci\u00f3n del 18.45%<br>Lim\u00f3n, con una reducci\u00f3n del 7.31%<br>Refrigeradores, con una baja del 4.28%<br>Calabacita, con una disminuci\u00f3n del 3.96%<br>Ron, con una reducci\u00f3n del 3.85%<br>Tequila, con una baja del 3.82%<\/p>\n","protected":false},"excerpt":{"rendered":"<p>En tanto, el \u00edndice de precios subyacente registr\u00f3 un incremento de 0.16 por ciento a tasa quincenal. Al interior de este los precios de las mercanc\u00edas subieron 0.13 por ciento y los de los servicios un 0.18 por ciento. Mientras que el \u00edndice de precios no subyacente disminuy\u00f3 0.15%. Dentro de este los precios de [&hellip;]<\/p>\n","protected":false},"author":4,"featured_media":62640,"comment_status":"open","ping_status":"open","sticky":false,"template":"","format":"standard","meta":{"om_disable_all_campaigns":false,"_monsterinsights_skip_tracking":false,"_monsterinsights_sitenote_active":false,"_monsterinsights_sitenote_note":"","_monsterinsights_sitenote_category":0,"footnotes":""},"categories":[176,2],"tags":[],"class_list":["post-62639","post","type-post","status-publish","format-standard","has-post-thumbnail","hentry","category-nacional","category-negocios"],"amp_enabled":true,"_links":{"self":[{"href":"https:\/\/lahora.mx\/index.php\/wp-json\/wp\/v2\/posts\/62639","targetHints":{"allow":["GET"]}}],"collection":[{"href":"https:\/\/lahora.mx\/index.php\/wp-json\/wp\/v2\/posts"}],"about":[{"href":"https:\/\/lahora.mx\/index.php\/wp-json\/wp\/v2\/types\/post"}],"author":[{"embeddable":true,"href":"https:\/\/lahora.mx\/index.php\/wp-json\/wp\/v2\/users\/4"}],"replies":[{"embeddable":true,"href":"https:\/\/lahora.mx\/index.php\/wp-json\/wp\/v2\/comments?post=62639"}],"version-history":[{"count":1,"href":"https:\/\/lahora.mx\/index.php\/wp-json\/wp\/v2\/posts\/62639\/revisions"}],"predecessor-version":[{"id":62641,"href":"https:\/\/lahora.mx\/index.php\/wp-json\/wp\/v2\/posts\/62639\/revisions\/62641"}],"wp:featuredmedia":[{"embeddable":true,"href":"https:\/\/lahora.mx\/index.php\/wp-json\/wp\/v2\/media\/62640"}],"wp:attachment":[{"href":"https:\/\/lahora.mx\/index.php\/wp-json\/wp\/v2\/media?parent=62639"}],"wp:term":[{"taxonomy":"category","embeddable":true,"href":"https:\/\/lahora.mx\/index.php\/wp-json\/wp\/v2\/categories?post=62639"},{"taxonomy":"post_tag","embeddable":true,"href":"https:\/\/lahora.mx\/index.php\/wp-json\/wp\/v2\/tags?post=62639"}],"curies":[{"name":"wp","href":"https:\/\/api.w.org\/{rel}","templated":true}]}}