{"id":62633,"date":"2025-05-22T16:27:56","date_gmt":"2025-05-22T16:27:56","guid":{"rendered":"https:\/\/lahora.mx\/?p=62633"},"modified":"2025-05-22T16:27:56","modified_gmt":"2025-05-22T16:27:56","slug":"la-presidente-claudia-sheinbaum-sostuvo-llamada-con-trump-seguimos-negociando-con-buena-relacion","status":"publish","type":"post","link":"https:\/\/lahora.mx\/index.php\/2025\/05\/22\/la-presidente-claudia-sheinbaum-sostuvo-llamada-con-trump-seguimos-negociando-con-buena-relacion\/","title":{"rendered":"La presidente Claudia Sheinbaum sostuvo llamada con Trump; &#8216;seguimos negociando, con buena relaci\u00f3n&#8217;"},"content":{"rendered":"\n<p>Este jueves y con un retraso en el inicio de su conferecia ma\u00f1anera, la presenta de M\u00e9xico, Claudia Sheinbaum Pardo, revel\u00f3 que sostuvo una llamada telef\u00f3nica con su similar de Estados Unidos, Donald Trump. Sobre esta comunicaci\u00f3n, la presidenta detall\u00f3 que no hubo un tema en particular en la llamada, solo refiri\u00f3 que se sigue negociando para tener una buena relaci\u00f3n en temas de inter\u00e9s binacional.<\/p>\n\n\n\n<p>Aunado a lo anterior, la presidenta apunt\u00f3 que el secretario de Econom\u00eda, Marcelo Ebrard, viajar\u00e1 ma\u00f1ana a Washington DC, para tener una reuni\u00f3n con autoridades del pa\u00eds vecino sobre los temas comerciales.<\/p>\n\n\n\n<p>Movimos un poco la conferencia porque tuvimos una llamada temprano con el presidente Trump. Ma\u00f1ana se va el secretario de Econom\u00eda a Washington a tener una reuni\u00f3n, seguimos hablando sobre los temas comerciales, nada en particular, sino seguimos negociando, con buena relaci\u00f3n y comunicaci\u00f3n\u00bb, explic\u00f3.<\/p>\n\n\n\n<p>Aunado a lo anterior, la jefa de Estado mencion\u00f3 que seguir\u00e1 teniendo comunicaci\u00f3n con el mandatario estadunidense con el fin de seguir coadyuvando a la buena vecindad; a pregunta expresa sobre los temas que abordaron, expres\u00f3 que fue sobre comercio y aranceles.<\/p>\n\n\n\n<p>En este contexto, Sheinbaum Pardo se\u00f1al\u00f3 que M\u00e9xico tiene una situaci\u00f3n preferencial en el caso automotriz, pero refiri\u00f3 que se sigue trabajando en el tema que tiene que ver con el acero y el aluminio.<\/p>\n\n\n\n<p>La llamada entre ambos se produce en medio de varias coyunturas entre M\u00e9xico y EU, m\u00e1s all\u00e1 de la crisis desatada por la guerra arancelaria emprendida por Trump, pues tan solo esta semana, legisladores republicanos han dado impulso a una pol\u00e9mica reforma.<\/p>\n\n\n\n<p>MUNDO DE FINANZAS<br>Con IA, joven de Puebla gana $9,157\/d con $4,900<br>VEA C\u00d3MO<br>Dicha inicitiva busca aplicar un impuesto a las remesas, lo que ha sido rechazado por la administraci\u00f3n de Sheinbaum, ya que representa un duro golpe a las comunidades de migrantes que ya pagan impuestos en territorio estadunidense.<\/p>\n","protected":false},"excerpt":{"rendered":"<p>Este jueves y con un retraso en el inicio de su conferecia ma\u00f1anera, la presenta de M\u00e9xico, Claudia Sheinbaum Pardo, revel\u00f3 que sostuvo una llamada telef\u00f3nica con su similar de Estados Unidos, Donald Trump. Sobre esta comunicaci\u00f3n, la presidenta detall\u00f3 que no hubo un tema en particular en la llamada, solo refiri\u00f3 que se sigue [&hellip;]<\/p>\n","protected":false},"author":4,"featured_media":62634,"comment_status":"open","ping_status":"open","sticky":false,"template":"","format":"standard","meta":{"om_disable_all_campaigns":false,"_monsterinsights_skip_tracking":false,"_monsterinsights_sitenote_active":false,"_monsterinsights_sitenote_note":"","_monsterinsights_sitenote_category":0,"footnotes":""},"categories":[176],"tags":[],"class_list":["post-62633","post","type-post","status-publish","format-standard","has-post-thumbnail","hentry","category-nacional"],"amp_enabled":true,"_links":{"self":[{"href":"https:\/\/lahora.mx\/index.php\/wp-json\/wp\/v2\/posts\/62633","targetHints":{"allow":["GET"]}}],"collection":[{"href":"https:\/\/lahora.mx\/index.php\/wp-json\/wp\/v2\/posts"}],"about":[{"href":"https:\/\/lahora.mx\/index.php\/wp-json\/wp\/v2\/types\/post"}],"author":[{"embeddable":true,"href":"https:\/\/lahora.mx\/index.php\/wp-json\/wp\/v2\/users\/4"}],"replies":[{"embeddable":true,"href":"https:\/\/lahora.mx\/index.php\/wp-json\/wp\/v2\/comments?post=62633"}],"version-history":[{"count":1,"href":"https:\/\/lahora.mx\/index.php\/wp-json\/wp\/v2\/posts\/62633\/revisions"}],"predecessor-version":[{"id":62635,"href":"https:\/\/lahora.mx\/index.php\/wp-json\/wp\/v2\/posts\/62633\/revisions\/62635"}],"wp:featuredmedia":[{"embeddable":true,"href":"https:\/\/lahora.mx\/index.php\/wp-json\/wp\/v2\/media\/62634"}],"wp:attachment":[{"href":"https:\/\/lahora.mx\/index.php\/wp-json\/wp\/v2\/media?parent=62633"}],"wp:term":[{"taxonomy":"category","embeddable":true,"href":"https:\/\/lahora.mx\/index.php\/wp-json\/wp\/v2\/categories?post=62633"},{"taxonomy":"post_tag","embeddable":true,"href":"https:\/\/lahora.mx\/index.php\/wp-json\/wp\/v2\/tags?post=62633"}],"curies":[{"name":"wp","href":"https:\/\/api.w.org\/{rel}","templated":true}]}}