{"id":62627,"date":"2025-05-22T16:08:11","date_gmt":"2025-05-22T16:08:11","guid":{"rendered":"https:\/\/lahora.mx\/?p=62627"},"modified":"2025-05-22T16:08:12","modified_gmt":"2025-05-22T16:08:12","slug":"tras-cristalazo-vigilante-frustra-robo-en-la-plaza-tolin-de-puebla","status":"publish","type":"post","link":"https:\/\/lahora.mx\/index.php\/2025\/05\/22\/tras-cristalazo-vigilante-frustra-robo-en-la-plaza-tolin-de-puebla\/","title":{"rendered":"Tras cristalazo, vigilante frustra robo en la Plaza Tol\u00edn de Puebla"},"content":{"rendered":"\n<p>Un intento de robo fue frustrado durante la madrugada de este jueves en la Plaza Tol\u00edn, ubicada en la capital poblana.<br><br>De acuerdo con los primeros reportes, un hombre rompi\u00f3 el cristal de un local comercial con la intenci\u00f3n de llevarse diversos productos para beb\u00e9.<\/p>\n\n\n\n<p>Sin embargo, al ser sorprendido por un vigilante del centro comercial, el presunto ladr\u00f3n abandon\u00f3 una bolsa con la mercanc\u00eda sustra\u00edda y huy\u00f3 del lugar antes de ser detenido.<\/p>\n\n\n\n<p>Gracias a la r\u00e1pida intervenci\u00f3n del personal de seguridad privada, se evit\u00f3 que el robo se consumara. Elementos de la polic\u00eda municipal acudieron al sitio para iniciar las investigaciones correspondientes y levantar el reporte de da\u00f1os.<\/p>\n","protected":false},"excerpt":{"rendered":"<p>Un intento de robo fue frustrado durante la madrugada de este jueves en la Plaza Tol\u00edn, ubicada en la capital poblana. De acuerdo con los primeros reportes, un hombre rompi\u00f3 el cristal de un local comercial con la intenci\u00f3n de llevarse diversos productos para beb\u00e9. Sin embargo, al ser sorprendido por un vigilante del centro [&hellip;]<\/p>\n","protected":false},"author":4,"featured_media":62628,"comment_status":"open","ping_status":"open","sticky":false,"template":"","format":"standard","meta":{"om_disable_all_campaigns":false,"_monsterinsights_skip_tracking":false,"_monsterinsights_sitenote_active":false,"_monsterinsights_sitenote_note":"","_monsterinsights_sitenote_category":0,"footnotes":""},"categories":[175,226],"tags":[223],"class_list":["post-62627","post","type-post","status-publish","format-standard","has-post-thumbnail","hentry","category-local","category-policia","tag-puebla"],"amp_enabled":true,"_links":{"self":[{"href":"https:\/\/lahora.mx\/index.php\/wp-json\/wp\/v2\/posts\/62627","targetHints":{"allow":["GET"]}}],"collection":[{"href":"https:\/\/lahora.mx\/index.php\/wp-json\/wp\/v2\/posts"}],"about":[{"href":"https:\/\/lahora.mx\/index.php\/wp-json\/wp\/v2\/types\/post"}],"author":[{"embeddable":true,"href":"https:\/\/lahora.mx\/index.php\/wp-json\/wp\/v2\/users\/4"}],"replies":[{"embeddable":true,"href":"https:\/\/lahora.mx\/index.php\/wp-json\/wp\/v2\/comments?post=62627"}],"version-history":[{"count":1,"href":"https:\/\/lahora.mx\/index.php\/wp-json\/wp\/v2\/posts\/62627\/revisions"}],"predecessor-version":[{"id":62629,"href":"https:\/\/lahora.mx\/index.php\/wp-json\/wp\/v2\/posts\/62627\/revisions\/62629"}],"wp:featuredmedia":[{"embeddable":true,"href":"https:\/\/lahora.mx\/index.php\/wp-json\/wp\/v2\/media\/62628"}],"wp:attachment":[{"href":"https:\/\/lahora.mx\/index.php\/wp-json\/wp\/v2\/media?parent=62627"}],"wp:term":[{"taxonomy":"category","embeddable":true,"href":"https:\/\/lahora.mx\/index.php\/wp-json\/wp\/v2\/categories?post=62627"},{"taxonomy":"post_tag","embeddable":true,"href":"https:\/\/lahora.mx\/index.php\/wp-json\/wp\/v2\/tags?post=62627"}],"curies":[{"name":"wp","href":"https:\/\/api.w.org\/{rel}","templated":true}]}}