{"id":62621,"date":"2025-05-22T15:47:34","date_gmt":"2025-05-22T15:47:34","guid":{"rendered":"https:\/\/lahora.mx\/?p=62621"},"modified":"2025-05-22T15:47:42","modified_gmt":"2025-05-22T15:47:42","slug":"aprehenden-a-jose-por-violencia-familiar-en-contra-de-su-hijo-de-14-anos-en-puebla","status":"publish","type":"post","link":"https:\/\/lahora.mx\/index.php\/2025\/05\/22\/aprehenden-a-jose-por-violencia-familiar-en-contra-de-su-hijo-de-14-anos-en-puebla\/","title":{"rendered":"Aprehenden a Jos\u00e9 por violencia familiar en contra de su hijo de 14 a\u00f1os en Puebla"},"content":{"rendered":"\n<p>La Fiscal\u00eda General del Estado inform\u00f3 que como resultado de investigaciones realizadas por un caso de violencia familiar, se llev\u00f3 a cabo la detenci\u00f3n mediante orden de aprehensi\u00f3n de Jos\u00e9 Manuel N., como probable responsable del il\u00edcito en agravio de su hijo de 14 a\u00f1os de edad.<\/p>\n\n\n\n<p>Los datos de prueba obtenidos a trav\u00e9s de diversas diligencias, establecen que ante presuntos actos de violencia f\u00edsica y verbal por parte del hoy imputado, la v\u00edctima huy\u00f3 de su domicilio ubicado en la ciudad de Puebla, el pasado 30 de marzo, siendo localizado en Veracruz el 29 de abril mediante acciones de coordinaci\u00f3n interinstitucional con la Comisi\u00f3n de B\u00fasqueda de Personas del Estado de Puebla.<\/p>\n\n\n\n<p>Por estos hechos, la Fiscal\u00eda del Estado solicit\u00f3 y obtuvo del Juez de Control la orden de aprehensi\u00f3n correspondiente, la cual fue ejecutada este d\u00eda por elementos investigadores en inmediaciones de la unidad habitacional Fovissste San Roque de la ciudad de Puebla.<\/p>\n\n\n\n<p>Jos\u00e9 Manuel N., fue puesto a disposici\u00f3n de la autoridad judicial y en las pr\u00f3ximas horas se llevar\u00e1 a cabo la audiencia correspondiente para definir su situaci\u00f3n jur\u00eddica.<\/p>\n","protected":false},"excerpt":{"rendered":"<p>La Fiscal\u00eda General del Estado inform\u00f3 que como resultado de investigaciones realizadas por un caso de violencia familiar, se llev\u00f3 a cabo la detenci\u00f3n mediante orden de aprehensi\u00f3n de Jos\u00e9 Manuel N., como probable responsable del il\u00edcito en agravio de su hijo de 14 a\u00f1os de edad. Los datos de prueba obtenidos a trav\u00e9s de [&hellip;]<\/p>\n","protected":false},"author":4,"featured_media":62622,"comment_status":"open","ping_status":"open","sticky":false,"template":"","format":"standard","meta":{"om_disable_all_campaigns":false,"_monsterinsights_skip_tracking":false,"_monsterinsights_sitenote_active":false,"_monsterinsights_sitenote_note":"","_monsterinsights_sitenote_category":0,"footnotes":""},"categories":[175,226],"tags":[223],"class_list":["post-62621","post","type-post","status-publish","format-standard","has-post-thumbnail","hentry","category-local","category-policia","tag-puebla"],"amp_enabled":true,"_links":{"self":[{"href":"https:\/\/lahora.mx\/index.php\/wp-json\/wp\/v2\/posts\/62621","targetHints":{"allow":["GET"]}}],"collection":[{"href":"https:\/\/lahora.mx\/index.php\/wp-json\/wp\/v2\/posts"}],"about":[{"href":"https:\/\/lahora.mx\/index.php\/wp-json\/wp\/v2\/types\/post"}],"author":[{"embeddable":true,"href":"https:\/\/lahora.mx\/index.php\/wp-json\/wp\/v2\/users\/4"}],"replies":[{"embeddable":true,"href":"https:\/\/lahora.mx\/index.php\/wp-json\/wp\/v2\/comments?post=62621"}],"version-history":[{"count":1,"href":"https:\/\/lahora.mx\/index.php\/wp-json\/wp\/v2\/posts\/62621\/revisions"}],"predecessor-version":[{"id":62623,"href":"https:\/\/lahora.mx\/index.php\/wp-json\/wp\/v2\/posts\/62621\/revisions\/62623"}],"wp:featuredmedia":[{"embeddable":true,"href":"https:\/\/lahora.mx\/index.php\/wp-json\/wp\/v2\/media\/62622"}],"wp:attachment":[{"href":"https:\/\/lahora.mx\/index.php\/wp-json\/wp\/v2\/media?parent=62621"}],"wp:term":[{"taxonomy":"category","embeddable":true,"href":"https:\/\/lahora.mx\/index.php\/wp-json\/wp\/v2\/categories?post=62621"},{"taxonomy":"post_tag","embeddable":true,"href":"https:\/\/lahora.mx\/index.php\/wp-json\/wp\/v2\/tags?post=62621"}],"curies":[{"name":"wp","href":"https:\/\/api.w.org\/{rel}","templated":true}]}}