{"id":62615,"date":"2025-05-22T04:58:18","date_gmt":"2025-05-22T04:58:18","guid":{"rendered":"https:\/\/lahora.mx\/?p=62615"},"modified":"2025-05-22T04:58:18","modified_gmt":"2025-05-22T04:58:18","slug":"temporada-de-huracanes-2025-inicia-con-alerta-en-cinco-estados-del-pais","status":"publish","type":"post","link":"https:\/\/lahora.mx\/index.php\/2025\/05\/22\/temporada-de-huracanes-2025-inicia-con-alerta-en-cinco-estados-del-pais\/","title":{"rendered":"Temporada de huracanes 2025 inicia con alerta en cinco estados del pa\u00eds"},"content":{"rendered":"\n<p>La temporada de huracanes en M\u00e9xico ya dio inicio oficialmente este 15 de mayo en el oc\u00e9ano Pac\u00edfico y arrancar\u00e1 el 1 de junio en el Atl\u00e1ntico. Autoridades meteorol\u00f3gicas alertan que este a\u00f1o podr\u00eda ser especialmente activo, con hasta 36 sistemas cicl\u00f3nicos form\u00e1ndose en ambos oc\u00e9anos, varios de ellos con potencial destructivo.<\/p>\n\n\n\n<p>De acuerdo con el Servicio Meteorol\u00f3gico Nacional (SMN) y la Secretar\u00eda de Marina (Semar), se espera que al menos 10 de estos fen\u00f3menos alcancen la categor\u00eda 3 o superior en la escala Saffir-Simpson, lo cual representa un riesgo considerable para diversas regiones del pa\u00eds, particularmente en los meses de mayor actividad: junio, agosto y septiembre.<\/p>\n\n\n\n<p>Estados m\u00e1s vulnerables<br>Los datos hist\u00f3ricos recabados por el SMN en las \u00faltimas seis d\u00e9cadas colocan a cinco entidades como las m\u00e1s susceptibles al impacto directo de estos fen\u00f3menos naturales: Baja California Sur, Sinaloa, Quintana Roo, Veracruz y Tamaulipas. Estas regiones han experimentado un mayor n\u00famero de entradas de ciclones tropicales, lo que ha llevado a reforzar las medidas de vigilancia y prevenci\u00f3n en sus zonas costeras.<\/p>\n\n\n\n<p>Pron\u00f3sticos para el Pac\u00edfico y el Atl\u00e1ntico<br>Para el Pac\u00edfico se pronostican entre 8 y 9 tormentas tropicales, de 4 a 5 huracanes de categor\u00eda 1 o 2, y de 4 a 6 huracanes mayores (categor\u00eda 3 o m\u00e1s). En tanto, el Atl\u00e1ntico podr\u00eda registrar de 7 a 9 tormentas, entre 3 y 4 huracanes moderados, y otros tantos con alta intensidad.<\/p>\n\n\n\n<p>Especialistas del SMN tambi\u00e9n destacaron que la transici\u00f3n del fen\u00f3meno clim\u00e1tico La Ni\u00f1a hacia una fase neutra podr\u00eda favorecer el desarrollo de sistemas m\u00e1s intensos, lo cual requiere mayor atenci\u00f3n por parte de las autoridades locales y federales.<\/p>\n\n\n\n<p>Preparaci\u00f3n y prevenci\u00f3n, clave para la temporada<br>Protecci\u00f3n Civil emiti\u00f3 un llamado a la poblaci\u00f3n de las zonas en riesgo para mantenerse informada a trav\u00e9s de canales oficiales, preparar un plan de emergencia familiar y seguir las indicaciones en caso de alertas. \u201cNo hay que esperar a que el hurac\u00e1n est\u00e9 encima para actuar\u201d, se\u00f1alaron.<\/p>\n\n\n\n<p>Los nombres que portar\u00e1n estos sistemas ya est\u00e1n definidos. Para el Pac\u00edfico destacan Alvin, Kiko y Zelda; en el Atl\u00e1ntico se contemplan Andrea, Karen y Wendy.<\/p>\n","protected":false},"excerpt":{"rendered":"<p>La temporada de huracanes en M\u00e9xico ya dio inicio oficialmente este 15 de mayo en el oc\u00e9ano Pac\u00edfico y arrancar\u00e1 el 1 de junio en el Atl\u00e1ntico. Autoridades meteorol\u00f3gicas alertan que este a\u00f1o podr\u00eda ser especialmente activo, con hasta 36 sistemas cicl\u00f3nicos form\u00e1ndose en ambos oc\u00e9anos, varios de ellos con potencial destructivo. De acuerdo con [&hellip;]<\/p>\n","protected":false},"author":4,"featured_media":62616,"comment_status":"open","ping_status":"open","sticky":false,"template":"","format":"standard","meta":{"om_disable_all_campaigns":false,"_monsterinsights_skip_tracking":false,"_monsterinsights_sitenote_active":false,"_monsterinsights_sitenote_note":"","_monsterinsights_sitenote_category":0,"footnotes":""},"categories":[176],"tags":[],"class_list":["post-62615","post","type-post","status-publish","format-standard","has-post-thumbnail","hentry","category-nacional"],"amp_enabled":true,"_links":{"self":[{"href":"https:\/\/lahora.mx\/index.php\/wp-json\/wp\/v2\/posts\/62615","targetHints":{"allow":["GET"]}}],"collection":[{"href":"https:\/\/lahora.mx\/index.php\/wp-json\/wp\/v2\/posts"}],"about":[{"href":"https:\/\/lahora.mx\/index.php\/wp-json\/wp\/v2\/types\/post"}],"author":[{"embeddable":true,"href":"https:\/\/lahora.mx\/index.php\/wp-json\/wp\/v2\/users\/4"}],"replies":[{"embeddable":true,"href":"https:\/\/lahora.mx\/index.php\/wp-json\/wp\/v2\/comments?post=62615"}],"version-history":[{"count":1,"href":"https:\/\/lahora.mx\/index.php\/wp-json\/wp\/v2\/posts\/62615\/revisions"}],"predecessor-version":[{"id":62617,"href":"https:\/\/lahora.mx\/index.php\/wp-json\/wp\/v2\/posts\/62615\/revisions\/62617"}],"wp:featuredmedia":[{"embeddable":true,"href":"https:\/\/lahora.mx\/index.php\/wp-json\/wp\/v2\/media\/62616"}],"wp:attachment":[{"href":"https:\/\/lahora.mx\/index.php\/wp-json\/wp\/v2\/media?parent=62615"}],"wp:term":[{"taxonomy":"category","embeddable":true,"href":"https:\/\/lahora.mx\/index.php\/wp-json\/wp\/v2\/categories?post=62615"},{"taxonomy":"post_tag","embeddable":true,"href":"https:\/\/lahora.mx\/index.php\/wp-json\/wp\/v2\/tags?post=62615"}],"curies":[{"name":"wp","href":"https:\/\/api.w.org\/{rel}","templated":true}]}}