{"id":62609,"date":"2025-05-22T03:00:00","date_gmt":"2025-05-22T03:00:00","guid":{"rendered":"https:\/\/lahora.mx\/?p=62609"},"modified":"2025-05-22T03:00:01","modified_gmt":"2025-05-22T03:00:01","slug":"se-registra-grave-accidente-en-el-arco-norte-con-sentido-a-texmelucan","status":"publish","type":"post","link":"https:\/\/lahora.mx\/index.php\/2025\/05\/22\/se-registra-grave-accidente-en-el-arco-norte-con-sentido-a-texmelucan\/","title":{"rendered":"Se registra grave accidente en el Arco Norte con sentido a Texmelucan"},"content":{"rendered":"\n<p>Este mi\u00e9rcoles se registr\u00f3 un accidente automovil\u00edstico en la autopista Arco Norte, a la altura del kil\u00f3metro 211, en el tramo Sanctorum-Texmelucan, en Tlaxcala.<\/p>\n\n\n\n<p>De manera preliminar, se habla que en el percance se vieron involucrados un tr\u00e1iler, una pipa y varios autos particulares, dej\u00f3 al menos dos personas fallecidas y un herido.<\/p>\n\n\n\n<p>El incidente, registrado en territorio tlaxcalteca, provoc\u00f3 el cierre total de la circulaci\u00f3n en ambos sentidos, afectando las rutas hacia San Mart\u00edn Texmelucan y Calpulalpan.<\/p>\n\n\n\n<p>La colisi\u00f3n caus\u00f3 que mercanc\u00eda de los veh\u00edculos pesados quedara esparcida sobre la carretera, intensificando el caos vial en la zona.<\/p>\n\n\n\n<p>Elementos de la Guardia Nacional, divisi\u00f3n Carreteras, y param\u00e9dicos de la Cruz Roja acudieron al lugar para atender la emergencia, realizar labores de rescate y garantizar la seguridad en la zona.<\/p>\n\n\n\n<p>La autopista Arco Norte report\u00f3 que la \u00faltima salida habilitada es la de Sanctorum, por lo que se recomienda a los automovilistas tomar rutas alternas y conducir con precauci\u00f3n debido a las afectaciones en el tr\u00e1fico.<\/p>\n\n\n\n<p>Las autoridades trabajan en la remoci\u00f3n de los veh\u00edculos y la limpieza de la v\u00eda para restablecer la circulaci\u00f3n lo antes posible.<\/p>\n","protected":false},"excerpt":{"rendered":"<p>Este mi\u00e9rcoles se registr\u00f3 un accidente automovil\u00edstico en la autopista Arco Norte, a la altura del kil\u00f3metro 211, en el tramo Sanctorum-Texmelucan, en Tlaxcala. De manera preliminar, se habla que en el percance se vieron involucrados un tr\u00e1iler, una pipa y varios autos particulares, dej\u00f3 al menos dos personas fallecidas y un herido. El incidente, [&hellip;]<\/p>\n","protected":false},"author":4,"featured_media":62610,"comment_status":"open","ping_status":"open","sticky":false,"template":"","format":"standard","meta":{"om_disable_all_campaigns":false,"_monsterinsights_skip_tracking":false,"_monsterinsights_sitenote_active":false,"_monsterinsights_sitenote_note":"","_monsterinsights_sitenote_category":0,"footnotes":""},"categories":[175,226],"tags":[223],"class_list":["post-62609","post","type-post","status-publish","format-standard","has-post-thumbnail","hentry","category-local","category-policia","tag-puebla"],"amp_enabled":true,"_links":{"self":[{"href":"https:\/\/lahora.mx\/index.php\/wp-json\/wp\/v2\/posts\/62609","targetHints":{"allow":["GET"]}}],"collection":[{"href":"https:\/\/lahora.mx\/index.php\/wp-json\/wp\/v2\/posts"}],"about":[{"href":"https:\/\/lahora.mx\/index.php\/wp-json\/wp\/v2\/types\/post"}],"author":[{"embeddable":true,"href":"https:\/\/lahora.mx\/index.php\/wp-json\/wp\/v2\/users\/4"}],"replies":[{"embeddable":true,"href":"https:\/\/lahora.mx\/index.php\/wp-json\/wp\/v2\/comments?post=62609"}],"version-history":[{"count":1,"href":"https:\/\/lahora.mx\/index.php\/wp-json\/wp\/v2\/posts\/62609\/revisions"}],"predecessor-version":[{"id":62611,"href":"https:\/\/lahora.mx\/index.php\/wp-json\/wp\/v2\/posts\/62609\/revisions\/62611"}],"wp:featuredmedia":[{"embeddable":true,"href":"https:\/\/lahora.mx\/index.php\/wp-json\/wp\/v2\/media\/62610"}],"wp:attachment":[{"href":"https:\/\/lahora.mx\/index.php\/wp-json\/wp\/v2\/media?parent=62609"}],"wp:term":[{"taxonomy":"category","embeddable":true,"href":"https:\/\/lahora.mx\/index.php\/wp-json\/wp\/v2\/categories?post=62609"},{"taxonomy":"post_tag","embeddable":true,"href":"https:\/\/lahora.mx\/index.php\/wp-json\/wp\/v2\/tags?post=62609"}],"curies":[{"name":"wp","href":"https:\/\/api.w.org\/{rel}","templated":true}]}}