{"id":62606,"date":"2025-05-22T02:49:10","date_gmt":"2025-05-22T02:49:10","guid":{"rendered":"https:\/\/lahora.mx\/?p=62606"},"modified":"2025-05-22T02:49:10","modified_gmt":"2025-05-22T02:49:10","slug":"sep-dara-una-semana-extra-de-vacaciones-a-maestros-desde-2025-2026","status":"publish","type":"post","link":"https:\/\/lahora.mx\/index.php\/2025\/05\/22\/sep-dara-una-semana-extra-de-vacaciones-a-maestros-desde-2025-2026\/","title":{"rendered":"SEP dar\u00e1 una semana extra de vacaciones a maestros desde 2025-2026"},"content":{"rendered":"\n<p>En medio de un clima de movilizaci\u00f3n magisterial que se ha dejado sentir en varias entidades del pa\u00eds, el Gobierno federal anunci\u00f3 un cambio significativo al calendario escolar que aplicar\u00e1 a partir del ciclo 2025-2026: los docentes de educaci\u00f3n b\u00e1sica contar\u00e1n con una semana adicional de vacaciones.<\/p>\n\n\n\n<p>La decisi\u00f3n, dada a conocer por la presidenta Claudia Sheinbaum y confirmada por la Secretar\u00eda de Educaci\u00f3n P\u00fablica (SEP), busca reconocer el trabajo que los maestros realizan fuera del aula, particularmente en los d\u00edas posteriores al cierre de clases, cuando deben encargarse de tareas como la captura de calificaciones, la entrega de documentaci\u00f3n y la planeaci\u00f3n del siguiente ciclo.<\/p>\n\n\n\n<p>De acuerdo con el titular de la SEP, Mario Delgado, el pr\u00f3ximo ciclo escolar iniciar\u00e1 en la primera semana de septiembre, en lugar de agosto como se ven\u00eda haciendo. Este ajuste permitir\u00e1 alargar el periodo vacacional sin modificar el contenido educativo ni los objetivos pedag\u00f3gicos planteados.<\/p>\n\n\n\n<p>Reducci\u00f3n de d\u00edas, sin afectar el aprendizaje<br>Con este nuevo esquema, el calendario para los estudiantes de preescolar, primaria y secundaria pasar\u00e1 de 190 a 185 d\u00edas efectivos de clase. En el caso del personal docente, su jornada anual se reducir\u00e1 de 195 a 190 d\u00edas. Seg\u00fan las autoridades educativas, estos cinco d\u00edas menos no comprometer\u00e1n los aprendizajes previstos en el plan de estudios nacional.<\/p>\n\n\n\n<p>El cambio responde tambi\u00e9n al contexto de inconformidad que han manifestado distintas agrupaciones del magisterio, que en las \u00faltimas semanas han salido a las calles para exigir mejoras salariales y laborales. Aunque esta medida no es una respuesta directa a sus demandas, representa un reconocimiento simb\u00f3lico y pr\u00e1ctico a la carga de trabajo que enfrentan fuera del horario escolar.<\/p>\n\n\n\n<p>S\u00f3lo aplica a educaci\u00f3n b\u00e1sica<br>Es importante se\u00f1alar que esta modificaci\u00f3n ser\u00e1 exclusiva para docentes de educaci\u00f3n b\u00e1sica, es decir, quienes laboran en niveles de preescolar, primaria y secundaria. Los trabajadores de educaci\u00f3n media superior y superior no est\u00e1n contemplados en este ajuste.<\/p>\n\n\n\n<p>El calendario oficial del ciclo 2024-2025, que a\u00fan est\u00e1 en curso, marca su cierre para el 16 de julio, y contempla actividades adicionales para maestros despu\u00e9s de esa fecha. Con el nuevo calendario, se busca brindar un respiro al personal educativo antes de volver a las aulas en septiembre.<\/p>\n","protected":false},"excerpt":{"rendered":"<p>En medio de un clima de movilizaci\u00f3n magisterial que se ha dejado sentir en varias entidades del pa\u00eds, el Gobierno federal anunci\u00f3 un cambio significativo al calendario escolar que aplicar\u00e1 a partir del ciclo 2025-2026: los docentes de educaci\u00f3n b\u00e1sica contar\u00e1n con una semana adicional de vacaciones. La decisi\u00f3n, dada a conocer por la presidenta [&hellip;]<\/p>\n","protected":false},"author":4,"featured_media":62607,"comment_status":"open","ping_status":"open","sticky":false,"template":"","format":"standard","meta":{"om_disable_all_campaigns":false,"_monsterinsights_skip_tracking":false,"_monsterinsights_sitenote_active":false,"_monsterinsights_sitenote_note":"","_monsterinsights_sitenote_category":0,"footnotes":""},"categories":[176],"tags":[195],"class_list":["post-62606","post","type-post","status-publish","format-standard","has-post-thumbnail","hentry","category-nacional","tag-principal"],"amp_enabled":true,"_links":{"self":[{"href":"https:\/\/lahora.mx\/index.php\/wp-json\/wp\/v2\/posts\/62606","targetHints":{"allow":["GET"]}}],"collection":[{"href":"https:\/\/lahora.mx\/index.php\/wp-json\/wp\/v2\/posts"}],"about":[{"href":"https:\/\/lahora.mx\/index.php\/wp-json\/wp\/v2\/types\/post"}],"author":[{"embeddable":true,"href":"https:\/\/lahora.mx\/index.php\/wp-json\/wp\/v2\/users\/4"}],"replies":[{"embeddable":true,"href":"https:\/\/lahora.mx\/index.php\/wp-json\/wp\/v2\/comments?post=62606"}],"version-history":[{"count":1,"href":"https:\/\/lahora.mx\/index.php\/wp-json\/wp\/v2\/posts\/62606\/revisions"}],"predecessor-version":[{"id":62608,"href":"https:\/\/lahora.mx\/index.php\/wp-json\/wp\/v2\/posts\/62606\/revisions\/62608"}],"wp:featuredmedia":[{"embeddable":true,"href":"https:\/\/lahora.mx\/index.php\/wp-json\/wp\/v2\/media\/62607"}],"wp:attachment":[{"href":"https:\/\/lahora.mx\/index.php\/wp-json\/wp\/v2\/media?parent=62606"}],"wp:term":[{"taxonomy":"category","embeddable":true,"href":"https:\/\/lahora.mx\/index.php\/wp-json\/wp\/v2\/categories?post=62606"},{"taxonomy":"post_tag","embeddable":true,"href":"https:\/\/lahora.mx\/index.php\/wp-json\/wp\/v2\/tags?post=62606"}],"curies":[{"name":"wp","href":"https:\/\/api.w.org\/{rel}","templated":true}]}}