{"id":62603,"date":"2025-05-22T01:48:21","date_gmt":"2025-05-22T01:48:21","guid":{"rendered":"https:\/\/lahora.mx\/?p=62603"},"modified":"2025-05-22T01:57:55","modified_gmt":"2025-05-22T01:57:55","slug":"perfilan-disolucion-del-ayuntamiento-de-san-nicolas-buenos-aires-tras-casos-de-tlachichuca-y-serdan","status":"publish","type":"post","link":"https:\/\/lahora.mx\/index.php\/2025\/05\/22\/perfilan-disolucion-del-ayuntamiento-de-san-nicolas-buenos-aires-tras-casos-de-tlachichuca-y-serdan\/","title":{"rendered":"Perfilan disoluci\u00f3n del Ayuntamiento de San Nicol\u00e1s Buenos Aires tras casos de Tlachichuca y Serd\u00e1n"},"content":{"rendered":"\n<p>Movimiento Ciudadano podr\u00eda perder un tercer gobierno municipal en Puebla. La presidenta de la Junta de Gobierno y Coordinaci\u00f3n Pol\u00edtica del Congreso local, Laura Artemisa Garc\u00eda Ch\u00e1vez, revel\u00f3 que, tras la desaparici\u00f3n de dos de los tres ayuntamientos que eran gobernados por los alcaldes detenidos de la regi\u00f3n de Serd\u00e1n, ha crecido la incertidumbre de los funcionarios del municipio emecista que sigue de pie: San Nicol\u00e1s Buenos Aires.<\/p>\n\n\n\n<p>Dijo que, al ser municipios que est\u00e1n relacionados por la misma l\u00ednea de investigaci\u00f3n en contra de sus autoridades, San Nicol\u00e1s Buenos Aires se perfila para ser el tercer municipio en el que desaparezca el ayuntamiento, sin embargo, subray\u00f3 que el Congreso local no ejercer\u00e1 ninguna presi\u00f3n para motivar la renuncia de los actuales funcionarios, sino que estar\u00e1 pendiente de c\u00f3mo avance la situaci\u00f3n en el territorio.<\/p>\n\n\n\n<p><br>Suriano Corrales adelant\u00f3 que votar\u00eda en contra de la desaparici\u00f3n de un segundo ayuntamiento en Puebla gobernado por MC<br>Por la misma l\u00ednea de investigaci\u00f3n del presidente ausente de San Nicol\u00e1s Buenos Aires, se est\u00e1 dando el mismo fen\u00f3meno (\u2026) yo creo que s\u00ed van en el mismo sentido, ya han llegado aqu\u00ed a vernos algunos regidores con esta preocupaci\u00f3n, sin embargo, tendr\u00eda que cumplirse que todo el Cabildo haya renunciado y los suplentes tambi\u00e9n,<br>se\u00f1al\u00f3.<br>Dijo que si bien la Secretar\u00eda de Gobernaci\u00f3n ha vigilado que permanezca la gobernabilidad en San Nicol\u00e1s Buenos Aires, Tlachichuca y Ciudad Serd\u00e1n, los cuales eran gobernados por los emecistas Ramiro N. (quien es pr\u00f3fugo de la justicia) Giovanni N., y Uruviel N. (quienes se encuentran detenidos), el Congreso no puede entrometerse a\u00fan cuando se desate un conflicto hasta que no renuncien todos los integrantes del Cabildo y sus suplentes, tal y como sucedi\u00f3 en Ciudad Serd\u00e1n y Tlachichuca, sitios ahora gobernados por concejos municipales.<\/p>\n\n\n\n<p>Por su parte, la diputada y dirigente estatal de Movimiento Ciudadano, Fedhra Suriano Corrales, confi\u00f3 en que este ayuntamiento emecista no sea disuelto, toda vez que los actuales funcionarios se comprometieron a mantenerse en su labor desde que se registraron para las elecciones.<\/p>\n\n\n\n<p>Esperemos que no sea as\u00ed, no depende de nosotros. Espero que los regidores tomen conciencia de sus acciones, porque ellos fueron electos popularmente, es una responsabilidad que adquieren desde el momento en que se registran para participar en una elecci\u00f3n popular. Ellos tienen que asumir esa responsabilidad de la ciudadan\u00eda y la ciudadan\u00eda tendr\u00eda que calificar y analizar su conducta al igual que la de un presidente municipal,<br>lanz\u00f3.<br><br>Congreso designar\u00e1 este martes a un concejo municipal en Tlachichuca<br>Es uno de los tres municipios sin autoridad local tras la detenci\u00f3n de los alcaldes hermanos de la regi\u00f3n de Serd\u00e1n<br>Finalmente, dijo que la renuncia de los integrantes del Cabildo de Tlachichuca fue una decisi\u00f3n unilateral, que no fue consultada con el partido y que deriv\u00f3 en una afectaci\u00f3n de su imagen, ya que la ciudadan\u00eda puede no confiar en esta fuerza pol\u00edtica a futuro.<\/p>\n","protected":false},"excerpt":{"rendered":"<p>Movimiento Ciudadano podr\u00eda perder un tercer gobierno municipal en Puebla. La presidenta de la Junta de Gobierno y Coordinaci\u00f3n Pol\u00edtica del Congreso local, Laura Artemisa Garc\u00eda Ch\u00e1vez, revel\u00f3 que, tras la desaparici\u00f3n de dos de los tres ayuntamientos que eran gobernados por los alcaldes detenidos de la regi\u00f3n de Serd\u00e1n, ha crecido la incertidumbre de [&hellip;]<\/p>\n","protected":false},"author":4,"featured_media":62605,"comment_status":"open","ping_status":"open","sticky":false,"template":"","format":"standard","meta":{"om_disable_all_campaigns":false,"_monsterinsights_skip_tracking":false,"_monsterinsights_sitenote_active":false,"_monsterinsights_sitenote_note":"","_monsterinsights_sitenote_category":0,"footnotes":""},"categories":[175],"tags":[195],"class_list":["post-62603","post","type-post","status-publish","format-standard","has-post-thumbnail","hentry","category-local","tag-principal"],"amp_enabled":true,"_links":{"self":[{"href":"https:\/\/lahora.mx\/index.php\/wp-json\/wp\/v2\/posts\/62603","targetHints":{"allow":["GET"]}}],"collection":[{"href":"https:\/\/lahora.mx\/index.php\/wp-json\/wp\/v2\/posts"}],"about":[{"href":"https:\/\/lahora.mx\/index.php\/wp-json\/wp\/v2\/types\/post"}],"author":[{"embeddable":true,"href":"https:\/\/lahora.mx\/index.php\/wp-json\/wp\/v2\/users\/4"}],"replies":[{"embeddable":true,"href":"https:\/\/lahora.mx\/index.php\/wp-json\/wp\/v2\/comments?post=62603"}],"version-history":[{"count":1,"href":"https:\/\/lahora.mx\/index.php\/wp-json\/wp\/v2\/posts\/62603\/revisions"}],"predecessor-version":[{"id":62604,"href":"https:\/\/lahora.mx\/index.php\/wp-json\/wp\/v2\/posts\/62603\/revisions\/62604"}],"wp:featuredmedia":[{"embeddable":true,"href":"https:\/\/lahora.mx\/index.php\/wp-json\/wp\/v2\/media\/62605"}],"wp:attachment":[{"href":"https:\/\/lahora.mx\/index.php\/wp-json\/wp\/v2\/media?parent=62603"}],"wp:term":[{"taxonomy":"category","embeddable":true,"href":"https:\/\/lahora.mx\/index.php\/wp-json\/wp\/v2\/categories?post=62603"},{"taxonomy":"post_tag","embeddable":true,"href":"https:\/\/lahora.mx\/index.php\/wp-json\/wp\/v2\/tags?post=62603"}],"curies":[{"name":"wp","href":"https:\/\/api.w.org\/{rel}","templated":true}]}}