{"id":62599,"date":"2025-05-21T23:26:45","date_gmt":"2025-05-21T23:26:45","guid":{"rendered":"https:\/\/lahora.mx\/?p=62599"},"modified":"2025-05-22T01:44:51","modified_gmt":"2025-05-22T01:44:51","slug":"que-sepa-que-no-esta-sola-y-el-pueblo-de-la-ciudad-tampoco-sheinbaum-a-clara-brugada","status":"publish","type":"post","link":"https:\/\/lahora.mx\/index.php\/2025\/05\/21\/que-sepa-que-no-esta-sola-y-el-pueblo-de-la-ciudad-tampoco-sheinbaum-a-clara-brugada\/","title":{"rendered":"Que sepa que no est\u00e1 sola y el pueblo de la ciudad tampoco: Sheinbaum a Clara Brugada\u00a0"},"content":{"rendered":"\n<p>En el marco de su conferencia ma\u00f1anera, la presidenta Claudia Sheinbaum Pardo reiter\u00f3 el apoyo del Estado a la jefa de gobierno de la Ciudad de M\u00e9xico, Clara Brugada, derivado del ataque que cobr\u00f3 la vida de dos funcionarios en la capital del pa\u00eds.<\/p>\n\n\n\n<p><br>Desde Palacio Nacional la mandataria indic\u00f3 que se est\u00e1 trabajando en coordinaci\u00f3n con el gobierno de la Ciudad de M\u00e9xico para las investigaciones con el fin de dar con los responsables del asesianto de la secretaria particular de la jefa de gobierno, Ximena Guzm\u00e1n, y su asesor, Jos\u00e9 Mu\u00f1oz.<\/p>\n\n\n\n<p>Antes de iniciar la conferencia y por los hechos ocurridos ayer en la Ciudad de M\u00e9xico, a la jefa de gobierno, a Clara Brugada, que sepa que no est\u00e1 sola. El d\u00eda de ayer estuve unos minutos con ella y estuvo aqu\u00ed en Palacio Nacional. Estuvimos platicando, abraz\u00e1ndola y que sepa que no est\u00e1 sola, que el gobierno de la Ciudad no est\u00e1 solo y el pueblo de la Ciudad de M\u00e9xico tampoco est\u00e1 solo\u201d, extern\u00f3.<\/p>\n\n\n\n<p>Sobre las indagatorias, la jefa de Estado reiter\u00f3 que se est\u00e1 trabajando con el Gabinete de Seguridad del gobierno de la Ciudad de M\u00e9xico, de la Fiscal\u00eda General de Justicia de la Ciudad de M\u00e9xico y de la Secretar\u00eda de Seguridad Ciudadana de la CDMX y todo el Gabinete de Seguridad para el esclarecimiento de los hechos.<\/p>\n\n\n\n<p>Desde Palacio Nacional la mandataria indic\u00f3 que se est\u00e1 trabajando en coordinaci\u00f3n con el gobierno de la Ciudad de M\u00e9xico. Foto: Cuartoscuro<\/p>\n\n\n\n<p><br>Sheinbaum pide no especular<br>Aunado a lo anterior, la doctora Sheinbaum hizo un llamado a no especular y esperar las investigaciones de las autoridades correspondientes.<\/p>\n\n\n\n<p>Yo hago un llamado a todas y a todos, periodistas, coment\u00f3cratas, y a la ciudadan\u00eda: En esto hay que tener mucha responsabilidad. El gobierno de M\u00e9xico siempre va a ser responsable y sabemos que el gobierno de la Ciudad de M\u00e9xico tambi\u00e9n en las investigaciones, lo primero que tiene que haber es una investigaci\u00f3n para detener a los responsables y saber cu\u00e1les fueron las causas de este lamentable y doloroso acontecimiento\u201d, asent\u00f3.<\/p>\n\n\n\n<p>Por \u00faltimo, la primera presidenta del pa\u00eds, explic\u00f3 las funciones de cada instituci\u00f3n que participa en las indagatorias con motivo de esclarecer los hechos ocurridos el martes 20 de mayo.<\/p>\n\n\n\n<p>Fiscal\u00eda General de Justicia de la Ciudad de M\u00e9xico, llevan el caso.<br>Gabinete de Seguridad apoya en todo lo que se requiera.<br>Secretar\u00eda de Seguridad Ciudadana, gobierno CDMX y la Fiscal\u00eda General de Justicia llevan el \u00e1rea de investigaci\u00f3n e inteligencia.<\/p>\n","protected":false},"excerpt":{"rendered":"<p>En el marco de su conferencia ma\u00f1anera, la presidenta Claudia Sheinbaum Pardo reiter\u00f3 el apoyo del Estado a la jefa de gobierno de la Ciudad de M\u00e9xico, Clara Brugada, derivado del ataque que cobr\u00f3 la vida de dos funcionarios en la capital del pa\u00eds. Desde Palacio Nacional la mandataria indic\u00f3 que se est\u00e1 trabajando en [&hellip;]<\/p>\n","protected":false},"author":4,"featured_media":62601,"comment_status":"open","ping_status":"open","sticky":false,"template":"","format":"standard","meta":{"om_disable_all_campaigns":false,"_monsterinsights_skip_tracking":false,"_monsterinsights_sitenote_active":false,"_monsterinsights_sitenote_note":"","_monsterinsights_sitenote_category":0,"footnotes":""},"categories":[176],"tags":[],"class_list":["post-62599","post","type-post","status-publish","format-standard","has-post-thumbnail","hentry","category-nacional"],"amp_enabled":true,"_links":{"self":[{"href":"https:\/\/lahora.mx\/index.php\/wp-json\/wp\/v2\/posts\/62599","targetHints":{"allow":["GET"]}}],"collection":[{"href":"https:\/\/lahora.mx\/index.php\/wp-json\/wp\/v2\/posts"}],"about":[{"href":"https:\/\/lahora.mx\/index.php\/wp-json\/wp\/v2\/types\/post"}],"author":[{"embeddable":true,"href":"https:\/\/lahora.mx\/index.php\/wp-json\/wp\/v2\/users\/4"}],"replies":[{"embeddable":true,"href":"https:\/\/lahora.mx\/index.php\/wp-json\/wp\/v2\/comments?post=62599"}],"version-history":[{"count":1,"href":"https:\/\/lahora.mx\/index.php\/wp-json\/wp\/v2\/posts\/62599\/revisions"}],"predecessor-version":[{"id":62600,"href":"https:\/\/lahora.mx\/index.php\/wp-json\/wp\/v2\/posts\/62599\/revisions\/62600"}],"wp:featuredmedia":[{"embeddable":true,"href":"https:\/\/lahora.mx\/index.php\/wp-json\/wp\/v2\/media\/62601"}],"wp:attachment":[{"href":"https:\/\/lahora.mx\/index.php\/wp-json\/wp\/v2\/media?parent=62599"}],"wp:term":[{"taxonomy":"category","embeddable":true,"href":"https:\/\/lahora.mx\/index.php\/wp-json\/wp\/v2\/categories?post=62599"},{"taxonomy":"post_tag","embeddable":true,"href":"https:\/\/lahora.mx\/index.php\/wp-json\/wp\/v2\/tags?post=62599"}],"curies":[{"name":"wp","href":"https:\/\/api.w.org\/{rel}","templated":true}]}}