{"id":62590,"date":"2025-05-21T17:57:07","date_gmt":"2025-05-21T17:57:07","guid":{"rendered":"https:\/\/lahora.mx\/?p=62590"},"modified":"2025-05-21T17:57:07","modified_gmt":"2025-05-21T17:57:07","slug":"sheinbaum-tras-bloqueo-a-palacio-no-todo-se-tiene-que-resolver-conmigo","status":"publish","type":"post","link":"https:\/\/lahora.mx\/index.php\/2025\/05\/21\/sheinbaum-tras-bloqueo-a-palacio-no-todo-se-tiene-que-resolver-conmigo\/","title":{"rendered":"Sheinbaum tras bloqueo a Palacio: no todo se tiene que resolver conmigo"},"content":{"rendered":"\n<p>\u201cNo todo se tiene que resolver con la presidenta\u201d, acus\u00f3 Claudia Sheinbaum, tras el bloqueo de la Coordinadora Nacional de Trabajadores de la Educaci\u00f3n (CNTE) que impidi\u00f3 a los organizadores y periodistas asistir a la ma\u00f1anera del pueblo de hoy.<\/p>\n\n\n\n<p>Este bloqueo es el \u00faltimo de una serie de manifestaciones que realiz\u00f3 la CNTE para presionar el di\u00e1logo con la jefa del Ejecutivo federal sobre las recientes reformas relacionadas con los maestros y asuntos vinculados como su pensi\u00f3n y salario base.<\/p>\n\n\n\n<p>La presidenta inform\u00f3 que ayer el magisterio se reuni\u00f3 con Secretar\u00eda de Gobernaci\u00f3n (Segob) y su titular Rosa Icela Rodr\u00edguez Vel\u00e1zquez, as\u00ed como el secretario de Educaci\u00f3n P\u00fablica, Mario Delgado Carrillo y su equipo.<\/p>\n\n\n\n<p>\u00abNo vemos por qu\u00e9 cerrar Palacio Nacional (\u2026) tambi\u00e9n estuvo la Secretar\u00eda de Hacienda presente a trav\u00e9s del \u00e1rea de pensiones (\u2026) nunca nos hemos cerrado al di\u00e1logo\u00bb, aclar\u00f3 Claudia Sheinbaum en la ma\u00f1anera del pueblo que se transmiti\u00f3 sin periodistas ni personal presente.<\/p>\n\n\n\n<p>Reafirm\u00f3 que su gabinete \u2014con el que est\u00e1 en contacto estrecho\u2014 tambi\u00e9n puede resolver los problemas y que la respuesta se encontrar\u00e1 a trav\u00e9s de la ya existente comunicaci\u00f3n permanente entre su administraci\u00f3n y los maestros de la CNTE.<\/p>\n\n\n\n<p>\u201cHay apoyo a las maestras y maestros de M\u00e9xico, pero pues hay temas que no podemos avanzar m\u00e1s porque el presupuesto no da para algunas solicitudes que est\u00e1n haciendo\u00bb, concluy\u00f3 la presidenta.<\/p>\n\n\n\n<p>Bloqueo a Palacio Nacional antes de la ma\u00f1anera del pueblo<br>Esta ma\u00f1ana maestros de la CNTE bloquearon los accesos al Palacio Nacional en Ciudad de M\u00e9xico (CDMX), donde se celebran las ma\u00f1aneras del pueblo de la mandataria Claudia Sheinbaum.<\/p>\n\n\n\n<p>Acorde con los maestros, el plant\u00f3n se realiz\u00f3 como una medida de presi\u00f3n para concretar un di\u00e1logo con la jefa del Ejecutivo federal sobre las recientes la reforma educativa de 2019 y la Ley del Instituto de Seguridad y Servicios Sociales de los Trabajadores del Estado 2007 (Ley ISSSTE 2007).<\/p>\n\n\n\n<p>\u201cTuvimos una manifestaci\u00f3n alrededor de Palacio Nacional (\u2026) en un momento los reporteros se van a conectar por Zoom para que se puedan hacer las preguntas como lo hacemos\u00bb, explic\u00f3 la presidenta despu\u00e9s de organizar la continuaci\u00f3n de la conferencia matutina.<\/p>\n\n\n\n<p>Debido al plant\u00f3n de los manifestantes ning\u00fan personal externo ingres\u00f3 para preparar la ma\u00f1anera del pueblo de este mi\u00e9rcoles, as\u00ed como tampoco lograron entrar reporteros.<\/p>\n\n\n\n<p>Acorde con informaci\u00f3n anterior los integrantes del magisterio solicitaban lo siguiente:<\/p>\n\n\n\n<p>Derogaci\u00f3n de la Ley del Instituto de Seguridad y Servicios Sociales de los Trabajadores del Estado 2007 (Ley ISSSTE 2007)<br>Incremento salarial de hasta 100 por ciento<br>Reforma integral al sistema de pensiones que calcule jubilaciones en salarios m\u00ednimos<br>Mesa de di\u00e1logo directa con la presidenta<br>Rechazar pol\u00edticas educativas del Sindicato Nacional de Trabajadores de la Educaci\u00f3n (SNTE)<br>\u00bfQu\u00e9 prometi\u00f3 la presidenta al CNTE en la ma\u00f1anera de hoy?<br>Tras las manifestaciones que impidieron el acceso a Palacio Nacional hoy Claudia Sheinbaum mencion\u00f3 que algunas de las peticiones de los maestros del CNTE s\u00ed se resolver\u00edan, pero no al pie de la letra, ya que las condiciones no eran las adecuadas.<\/p>\n\n\n\n<p>Respecto a las exigencias de los maestros, la presidenta asegur\u00f3 las acciones siguientes.<\/p>\n\n\n\n<p>Aumento salarial de 9 por ciento en 2025 y a partir de septiembre el uno por ciento m\u00e1s<br>Congelamiento de las pensiones para los docentes<br>Posibilidad del sustituir la Unidad del Sistema para la Carrera de las Maestras y los Maestros USICAMM, para tomar en cuenta la antig\u00fcedad otra vez<br>Indic\u00f3 que antes de las pensiones del bienestar los maestros se retirar\u00edan con cuatro o 10 mil pesos, pero ahora, pese a que ganen menos de la media del IMSS, se retirar\u00e1n como si su salario fuera la media o mayor.<\/p>\n","protected":false},"excerpt":{"rendered":"<p>\u201cNo todo se tiene que resolver con la presidenta\u201d, acus\u00f3 Claudia Sheinbaum, tras el bloqueo de la Coordinadora Nacional de Trabajadores de la Educaci\u00f3n (CNTE) que impidi\u00f3 a los organizadores y periodistas asistir a la ma\u00f1anera del pueblo de hoy. Este bloqueo es el \u00faltimo de una serie de manifestaciones que realiz\u00f3 la CNTE para [&hellip;]<\/p>\n","protected":false},"author":4,"featured_media":62591,"comment_status":"open","ping_status":"open","sticky":false,"template":"","format":"standard","meta":{"om_disable_all_campaigns":false,"_monsterinsights_skip_tracking":false,"_monsterinsights_sitenote_active":false,"_monsterinsights_sitenote_note":"","_monsterinsights_sitenote_category":0,"footnotes":""},"categories":[176],"tags":[223],"class_list":["post-62590","post","type-post","status-publish","format-standard","has-post-thumbnail","hentry","category-nacional","tag-puebla"],"amp_enabled":true,"_links":{"self":[{"href":"https:\/\/lahora.mx\/index.php\/wp-json\/wp\/v2\/posts\/62590","targetHints":{"allow":["GET"]}}],"collection":[{"href":"https:\/\/lahora.mx\/index.php\/wp-json\/wp\/v2\/posts"}],"about":[{"href":"https:\/\/lahora.mx\/index.php\/wp-json\/wp\/v2\/types\/post"}],"author":[{"embeddable":true,"href":"https:\/\/lahora.mx\/index.php\/wp-json\/wp\/v2\/users\/4"}],"replies":[{"embeddable":true,"href":"https:\/\/lahora.mx\/index.php\/wp-json\/wp\/v2\/comments?post=62590"}],"version-history":[{"count":1,"href":"https:\/\/lahora.mx\/index.php\/wp-json\/wp\/v2\/posts\/62590\/revisions"}],"predecessor-version":[{"id":62592,"href":"https:\/\/lahora.mx\/index.php\/wp-json\/wp\/v2\/posts\/62590\/revisions\/62592"}],"wp:featuredmedia":[{"embeddable":true,"href":"https:\/\/lahora.mx\/index.php\/wp-json\/wp\/v2\/media\/62591"}],"wp:attachment":[{"href":"https:\/\/lahora.mx\/index.php\/wp-json\/wp\/v2\/media?parent=62590"}],"wp:term":[{"taxonomy":"category","embeddable":true,"href":"https:\/\/lahora.mx\/index.php\/wp-json\/wp\/v2\/categories?post=62590"},{"taxonomy":"post_tag","embeddable":true,"href":"https:\/\/lahora.mx\/index.php\/wp-json\/wp\/v2\/tags?post=62590"}],"curies":[{"name":"wp","href":"https:\/\/api.w.org\/{rel}","templated":true}]}}