{"id":62540,"date":"2025-05-20T22:22:11","date_gmt":"2025-05-20T22:22:11","guid":{"rendered":"https:\/\/lahora.mx\/?p=62540"},"modified":"2025-05-20T22:22:11","modified_gmt":"2025-05-20T22:22:11","slug":"gobierno-y-empresarios-consolidan-alianza-estrategica-para-el-desarrollo-de-puebla","status":"publish","type":"post","link":"https:\/\/lahora.mx\/index.php\/2025\/05\/20\/gobierno-y-empresarios-consolidan-alianza-estrategica-para-el-desarrollo-de-puebla\/","title":{"rendered":"Gobierno y empresarios consolidan Alianza Estrat\u00e9gica para el desarrollo de Puebla"},"content":{"rendered":"\n<p>Con perspectiva de inversi\u00f3n local para fortalecer el mercado interno y lograr una mejor distribuci\u00f3n de la riqueza en Puebla, se llev\u00f3 a cabo una reuni\u00f3n extraordinaria entre el Consejo Coordinador Empresarial (CCE) y el gobernador del Estado, Alejandro Armenta, que marca un nuevo cap\u00edtulo en la colaboraci\u00f3n institucional y econ\u00f3mica entre el sector p\u00fablico y el empresarial.<\/p>\n\n\n\n<p>Durante este encuentro hist\u00f3rico, estuvieron presentes titulares de dependencias clave como Gobernaci\u00f3n, Movilidad y Transporte, Seguridad, Desarrollo Econ\u00f3mico y Trabajo, SDR, Infraestructura, Educaci\u00f3n, as\u00ed como la presidenta de Coparmex, Bety Camacho y el presidente del CCE, H\u00e9ctor S\u00e1nchez.<\/p>\n\n\n\n<p>La reuni\u00f3n gir\u00f3 en torno a la construcci\u00f3n de un modelo econ\u00f3mico colaborativo donde gobierno y empresarios coordinen acciones, atiendan solicitudes mutuas y generen resultados en beneficio de la poblaci\u00f3n. Empresarios presentaron propuestas relevantes como la creaci\u00f3n de una segunda Central de Abastos en la zona sur de la capital, para optimizar la distribuci\u00f3n alimentaria y detonar empleos.<br>El gobernador Alejandro Armenta reafirm\u00f3 el compromiso de su administraci\u00f3n con una visi\u00f3n incluyente, orientada a construir un desarrollo econ\u00f3mico con participaci\u00f3n de todos los sectores productivos como el primario, secundario y terciario, basada en principios de justicia social. \u201cNuestra visi\u00f3n requiere gobiernos inclusivos con empresas inclusivas. Estoy seguro de que con este tipo de propuestas avanzaremos en una coordinaci\u00f3n efectiva\u201d, expres\u00f3.<\/p>\n\n\n\n<p>Se destac\u00f3 tambi\u00e9n el respaldo del gabinete estatal a las iniciativas empresariales, as\u00ed como la apertura del gobierno para institucionalizar mesas de trabajo permanentes. \u201cA partir de ahora no nos tenemos que soltar, aunque tengamos principios ideol\u00f3gicos distintos. Siempre diremos s\u00ed a los proyectos que promuevan el desarrollo end\u00f3geno del Estado\u201d, subray\u00f3 Alejandro Armenta.<\/p>\n\n\n\n<p>En su intervenci\u00f3n, H\u00e9ctor S\u00e1nchez, presidente del CCE, se\u00f1al\u00f3 la importancia de aprovechar la posici\u00f3n estrat\u00e9gica de Puebla y fortalecer las condiciones para atraer inversi\u00f3n nacional e internacional. Expres\u00f3 el total respaldo del sector privado al gobierno estatal y destac\u00f3 la posibilidad de impulsar proyectos como la marca \u201c5 de Mayo\u201d y la inserci\u00f3n de productos poblanos en mercados globales.<\/p>\n\n\n\n<p>Por su parte, Beatriz Camacho, presidenta de la COPARMEX Puebla, abord\u00f3 los avances en materia de seguridad, derivados de propuestas empresariales asumidas por el Estado, como la coordinaci\u00f3n metropolitana, instalaci\u00f3n de botones de p\u00e1nico en transporte y restaurantes, as\u00ed como acciones contra extorsi\u00f3n y delitos de alto impacto. Solicit\u00f3 formalizar el Consejo Ciudadano de Seguridad como una figura reconocida oficialmente.<\/p>\n\n\n\n<p>El secretario de Gobernaci\u00f3n, Samuel Aguilar y el titular de Seguridad, Vicealmirante Francisco S\u00e1nchez, explicaron la integraci\u00f3n de estrategias interestatales en colaboraci\u00f3n con entidades vecinas y la implementaci\u00f3n de los Centros Estrat\u00e9gicos de Seguridad y Atenci\u00f3n Tur\u00edstica (CESAB), con servicios de vigilancia, salud y atenci\u00f3n ciudadana, ubicados en zonas clave como la Central de Abastos y San Mart\u00edn Texmelucan.<\/p>\n\n\n\n<p>Uno de los puntos clave de la reuni\u00f3n fue la presentaci\u00f3n del proyecto de una nueva Central de Abastos, impulsado por Javier Pr\u00e9stamo \u00c1brego, presidente de la AMPI, el cual considera una inversi\u00f3n de mil 780 millones de pesos en una superficie de m\u00e1s de 360 mil metros cuadrados, con instalaciones modernas que favorezcan a productores y consumidores.<\/p>\n\n\n\n<p>Este ejercicio de di\u00e1logo y corresponsabilidad reafirma la visi\u00f3n de una Puebla construida con base en la cooperaci\u00f3n entre los sectores productivos, las autoridades y la ciudadan\u00eda. Gobierno y empresariado acordaron establecer una agenda com\u00fan con trabajo permanente, respeto a las reglas operacionales y visi\u00f3n compartida por el desarrollo regional.<\/p>\n","protected":false},"excerpt":{"rendered":"<p>Con perspectiva de inversi\u00f3n local para fortalecer el mercado interno y lograr una mejor distribuci\u00f3n de la riqueza en Puebla, se llev\u00f3 a cabo una reuni\u00f3n extraordinaria entre el Consejo Coordinador Empresarial (CCE) y el gobernador del Estado, Alejandro Armenta, que marca un nuevo cap\u00edtulo en la colaboraci\u00f3n institucional y econ\u00f3mica entre el sector p\u00fablico [&hellip;]<\/p>\n","protected":false},"author":4,"featured_media":62541,"comment_status":"open","ping_status":"open","sticky":false,"template":"","format":"standard","meta":{"om_disable_all_campaigns":false,"_monsterinsights_skip_tracking":false,"_monsterinsights_sitenote_active":false,"_monsterinsights_sitenote_note":"","_monsterinsights_sitenote_category":0,"footnotes":""},"categories":[175],"tags":[239,223],"class_list":["post-62540","post","type-post","status-publish","format-standard","has-post-thumbnail","hentry","category-local","tag-gobierno","tag-puebla"],"amp_enabled":true,"_links":{"self":[{"href":"https:\/\/lahora.mx\/index.php\/wp-json\/wp\/v2\/posts\/62540","targetHints":{"allow":["GET"]}}],"collection":[{"href":"https:\/\/lahora.mx\/index.php\/wp-json\/wp\/v2\/posts"}],"about":[{"href":"https:\/\/lahora.mx\/index.php\/wp-json\/wp\/v2\/types\/post"}],"author":[{"embeddable":true,"href":"https:\/\/lahora.mx\/index.php\/wp-json\/wp\/v2\/users\/4"}],"replies":[{"embeddable":true,"href":"https:\/\/lahora.mx\/index.php\/wp-json\/wp\/v2\/comments?post=62540"}],"version-history":[{"count":1,"href":"https:\/\/lahora.mx\/index.php\/wp-json\/wp\/v2\/posts\/62540\/revisions"}],"predecessor-version":[{"id":62542,"href":"https:\/\/lahora.mx\/index.php\/wp-json\/wp\/v2\/posts\/62540\/revisions\/62542"}],"wp:featuredmedia":[{"embeddable":true,"href":"https:\/\/lahora.mx\/index.php\/wp-json\/wp\/v2\/media\/62541"}],"wp:attachment":[{"href":"https:\/\/lahora.mx\/index.php\/wp-json\/wp\/v2\/media?parent=62540"}],"wp:term":[{"taxonomy":"category","embeddable":true,"href":"https:\/\/lahora.mx\/index.php\/wp-json\/wp\/v2\/categories?post=62540"},{"taxonomy":"post_tag","embeddable":true,"href":"https:\/\/lahora.mx\/index.php\/wp-json\/wp\/v2\/tags?post=62540"}],"curies":[{"name":"wp","href":"https:\/\/api.w.org\/{rel}","templated":true}]}}