{"id":62537,"date":"2025-05-20T19:57:42","date_gmt":"2025-05-20T19:57:42","guid":{"rendered":"https:\/\/lahora.mx\/?p=62537"},"modified":"2025-05-20T19:57:42","modified_gmt":"2025-05-20T19:57:42","slug":"estudiantes-de-la-upaep-protestan-de-nuevo-por-caso-de-abuso-sexual","status":"publish","type":"post","link":"https:\/\/lahora.mx\/index.php\/2025\/05\/20\/estudiantes-de-la-upaep-protestan-de-nuevo-por-caso-de-abuso-sexual\/","title":{"rendered":"Estudiantes de la UPAEP protestan de nuevo por caso de abuso sexual"},"content":{"rendered":"\n<p>Un grupo de estudiantes de la Universidad Popular Aut\u00f3noma del Estado de Puebla (UPAEP) protest\u00f3 este martes a las afueras de la preparatoria Santiago 1, recientemente inaugurada, para exigir justicia en el caso de Naomi, menor de edad presuntamente v\u00edctima de abuso sexual por parte de Miguel T., profesor de educaci\u00f3n f\u00edsica.<\/p>\n\n\n\n<p>Durante la protesta, las estudiantes colocaron hojas con mensajes como: \u201cLa UPAEP ense\u00f1a valores y protege a violentadores\u201d, \u201cNo est\u00e1s sola\u201d, \u201cOcuparon su cara para publicidad y le dan la espalda\u201d y \u201cDarme beca no te da derecho a tocarme\u201d, entre otros.<\/p>\n\n\n\n<p>Las estudiantes se\u00f1alaron que, tras una primera protesta realizada el viernes 16 de mayo, la v\u00edctima ha sido objeto de difamaci\u00f3n. Una de las participantes expres\u00f3: \u00abElla mostr\u00f3 pruebas, por eso est\u00e1 en prisi\u00f3n preventiva, no porque mienta. Lamentablemente, hoy estamos haciendo esto con miedo a que UPAEP tome represalias acad\u00e9micas en nuestra contra. Tambi\u00e9n tememos que intenten desacreditarla con acusaciones falsas para deslindarse de responsabilidad\u00bb, se\u00f1al\u00f3.<\/p>\n\n\n\n<p>La protesta coincidi\u00f3 con la ceremonia de inauguraci\u00f3n del edificio de la preparatoria Santiago 1, evento al que asistieron el rector Emilio Jos\u00e9 Ba\u00f1os Ardav\u00edn y el arzobispo V\u00edctor S\u00e1nchez Espinosa.<\/p>\n\n\n\n<p>Antecedentes del caso de abuso sexual en la UPAEP<br>El 12 de mayo, la UPAEP emiti\u00f3 un comunicado en el que conden\u00f3 todo tipo de violencia, particularmente aquella dirigida contra menores de edad.<\/p>\n\n\n\n<p>La UPAEP inform\u00f3 que, tras recibir la denuncia a trav\u00e9s del Sistema de Integridad, activ\u00f3 el protocolo institucional correspondiente y estableci\u00f3 comunicaci\u00f3n con las personas involucradas y sus familias.<\/p>\n\n\n\n<p>Seg\u00fan informaci\u00f3n de la Fiscal\u00eda General del Estado (FGE), fue a inicios de mayo cuando se detuvo a Miguel T. Tras analizar las pruebas presentadas, un juez resolvi\u00f3 vincularlo a proceso por su probable responsabilidad en los delitos de abuso sexual, acoso y hostigamiento en perjuicio de una menor de edad.<\/p>\n\n\n\n<p>El pasado 16 de mayo, un grupo de estudiantes protest\u00f3 tambi\u00e9n frente al campus principal de la UPAEP, ubicado en la 23 Sur, para exigir justicia y respaldo para la estudiante afectada.<\/p>\n","protected":false},"excerpt":{"rendered":"<p>Un grupo de estudiantes de la Universidad Popular Aut\u00f3noma del Estado de Puebla (UPAEP) protest\u00f3 este martes a las afueras de la preparatoria Santiago 1, recientemente inaugurada, para exigir justicia en el caso de Naomi, menor de edad presuntamente v\u00edctima de abuso sexual por parte de Miguel T., profesor de educaci\u00f3n f\u00edsica. Durante la protesta, [&hellip;]<\/p>\n","protected":false},"author":4,"featured_media":62538,"comment_status":"open","ping_status":"open","sticky":false,"template":"","format":"standard","meta":{"om_disable_all_campaigns":false,"_monsterinsights_skip_tracking":false,"_monsterinsights_sitenote_active":false,"_monsterinsights_sitenote_note":"","_monsterinsights_sitenote_category":0,"footnotes":""},"categories":[175],"tags":[195,223],"class_list":["post-62537","post","type-post","status-publish","format-standard","has-post-thumbnail","hentry","category-local","tag-principal","tag-puebla"],"amp_enabled":true,"_links":{"self":[{"href":"https:\/\/lahora.mx\/index.php\/wp-json\/wp\/v2\/posts\/62537","targetHints":{"allow":["GET"]}}],"collection":[{"href":"https:\/\/lahora.mx\/index.php\/wp-json\/wp\/v2\/posts"}],"about":[{"href":"https:\/\/lahora.mx\/index.php\/wp-json\/wp\/v2\/types\/post"}],"author":[{"embeddable":true,"href":"https:\/\/lahora.mx\/index.php\/wp-json\/wp\/v2\/users\/4"}],"replies":[{"embeddable":true,"href":"https:\/\/lahora.mx\/index.php\/wp-json\/wp\/v2\/comments?post=62537"}],"version-history":[{"count":1,"href":"https:\/\/lahora.mx\/index.php\/wp-json\/wp\/v2\/posts\/62537\/revisions"}],"predecessor-version":[{"id":62539,"href":"https:\/\/lahora.mx\/index.php\/wp-json\/wp\/v2\/posts\/62537\/revisions\/62539"}],"wp:featuredmedia":[{"embeddable":true,"href":"https:\/\/lahora.mx\/index.php\/wp-json\/wp\/v2\/media\/62538"}],"wp:attachment":[{"href":"https:\/\/lahora.mx\/index.php\/wp-json\/wp\/v2\/media?parent=62537"}],"wp:term":[{"taxonomy":"category","embeddable":true,"href":"https:\/\/lahora.mx\/index.php\/wp-json\/wp\/v2\/categories?post=62537"},{"taxonomy":"post_tag","embeddable":true,"href":"https:\/\/lahora.mx\/index.php\/wp-json\/wp\/v2\/tags?post=62537"}],"curies":[{"name":"wp","href":"https:\/\/api.w.org\/{rel}","templated":true}]}}