{"id":62534,"date":"2025-05-20T17:58:38","date_gmt":"2025-05-20T17:58:38","guid":{"rendered":"https:\/\/lahora.mx\/?p=62534"},"modified":"2025-05-20T17:58:39","modified_gmt":"2025-05-20T17:58:39","slug":"familiares-de-trabajador-muerto-de-ceramica-santa-julia-se-manifiestan-ante-irregularidades","status":"publish","type":"post","link":"https:\/\/lahora.mx\/index.php\/2025\/05\/20\/familiares-de-trabajador-muerto-de-ceramica-santa-julia-se-manifiestan-ante-irregularidades\/","title":{"rendered":"Familiares de trabajador muerto de Cer\u00e1mica Santa Julia se manifiestan ante irregularidades"},"content":{"rendered":"\n<p>Hugo N., trabajador de Cer\u00e1mica Santa Julia que perdi\u00f3 la vida durante un accidente laboral, fue recordado por sus familiares durante una manifestaci\u00f3n realizada antes de la clausura de la empresa. En ella, denunciaron diversas irregularidades ocurridas durante las jornadas laborales.<\/p>\n\n\n\n<p>Familiares de Jos\u00e9 Luis Hugo Lorenz\u00edn, originario de la junta auxiliar de Santa Ana Xalmimilulco, confirmaron que \u00e9l fue el hombre que perdi\u00f3 la vida en un accidente dentro de la empresa, donde, aseguran, existen condiciones laborales irregulares.<\/p>\n\n\n\n<p>Los familiares se\u00f1alaron que los trabajadores deben laborar en condiciones precarias, ya que no cuentan con seguro social.<\/p>\n\n\n\n<p>Prueba de ello, indicaron, es un accidente ocurrido despu\u00e9s de la muerte de Hugo, en el que otro trabajador perdi\u00f3 la movilidad de un brazo.<\/p>\n\n\n\n<p>Sin embargo, no recibi\u00f3 ning\u00fan tipo de apoyo por parte del empresario y due\u00f1o de Cer\u00e1mica Santa Julia, No\u00e9 Pe\u00f1aloza Hern\u00e1ndez.<\/p>\n\n\n\n<p>Cabe se\u00f1alar que, hasta el momento, No\u00e9 Pe\u00f1aloza Hern\u00e1ndez, ex presidente municipal de Texmelucan y propietario de la empresa, no ha dado la cara ni ha hecho un pronunciamiento respecto a los hechos ocurridos la tarde del lunes, en los que un trabajador perdi\u00f3 la vida. Por su parte, la autoridad municipal ya procedi\u00f3 a clausurar la empresa.<\/p>\n","protected":false},"excerpt":{"rendered":"<p>Hugo N., trabajador de Cer\u00e1mica Santa Julia que perdi\u00f3 la vida durante un accidente laboral, fue recordado por sus familiares durante una manifestaci\u00f3n realizada antes de la clausura de la empresa. En ella, denunciaron diversas irregularidades ocurridas durante las jornadas laborales. Familiares de Jos\u00e9 Luis Hugo Lorenz\u00edn, originario de la junta auxiliar de Santa Ana [&hellip;]<\/p>\n","protected":false},"author":4,"featured_media":62535,"comment_status":"open","ping_status":"open","sticky":false,"template":"","format":"standard","meta":{"om_disable_all_campaigns":false,"_monsterinsights_skip_tracking":false,"_monsterinsights_sitenote_active":false,"_monsterinsights_sitenote_note":"","_monsterinsights_sitenote_category":0,"footnotes":""},"categories":[175],"tags":[223],"class_list":["post-62534","post","type-post","status-publish","format-standard","has-post-thumbnail","hentry","category-local","tag-puebla"],"amp_enabled":true,"_links":{"self":[{"href":"https:\/\/lahora.mx\/index.php\/wp-json\/wp\/v2\/posts\/62534","targetHints":{"allow":["GET"]}}],"collection":[{"href":"https:\/\/lahora.mx\/index.php\/wp-json\/wp\/v2\/posts"}],"about":[{"href":"https:\/\/lahora.mx\/index.php\/wp-json\/wp\/v2\/types\/post"}],"author":[{"embeddable":true,"href":"https:\/\/lahora.mx\/index.php\/wp-json\/wp\/v2\/users\/4"}],"replies":[{"embeddable":true,"href":"https:\/\/lahora.mx\/index.php\/wp-json\/wp\/v2\/comments?post=62534"}],"version-history":[{"count":1,"href":"https:\/\/lahora.mx\/index.php\/wp-json\/wp\/v2\/posts\/62534\/revisions"}],"predecessor-version":[{"id":62536,"href":"https:\/\/lahora.mx\/index.php\/wp-json\/wp\/v2\/posts\/62534\/revisions\/62536"}],"wp:featuredmedia":[{"embeddable":true,"href":"https:\/\/lahora.mx\/index.php\/wp-json\/wp\/v2\/media\/62535"}],"wp:attachment":[{"href":"https:\/\/lahora.mx\/index.php\/wp-json\/wp\/v2\/media?parent=62534"}],"wp:term":[{"taxonomy":"category","embeddable":true,"href":"https:\/\/lahora.mx\/index.php\/wp-json\/wp\/v2\/categories?post=62534"},{"taxonomy":"post_tag","embeddable":true,"href":"https:\/\/lahora.mx\/index.php\/wp-json\/wp\/v2\/tags?post=62534"}],"curies":[{"name":"wp","href":"https:\/\/api.w.org\/{rel}","templated":true}]}}