{"id":62531,"date":"2025-05-20T17:18:24","date_gmt":"2025-05-20T17:18:24","guid":{"rendered":"https:\/\/lahora.mx\/?p=62531"},"modified":"2025-05-20T17:18:25","modified_gmt":"2025-05-20T17:18:25","slug":"muere-joven-motociclista-tras-aparatoso-accidente-en-la-federal-a-tlaxcala","status":"publish","type":"post","link":"https:\/\/lahora.mx\/index.php\/2025\/05\/20\/muere-joven-motociclista-tras-aparatoso-accidente-en-la-federal-a-tlaxcala\/","title":{"rendered":"Muere joven motociclista tras aparatoso accidente en la federal a Tlaxcala"},"content":{"rendered":"\n<p>Un motociclista de 19 a\u00f1os, identificado como Ismael, muri\u00f3 tras sufrir un aparatoso accidente cuando circulaba en su motocicleta sobre la carretera federal a Tlaxcala.<\/p>\n\n\n\n<p>Anoche ocurri\u00f3 un aparatoso percance a la altura de la colonia Agr\u00edcola Ignacio Zaragoza, en donde un motociclista de 19 a\u00f1os, de nombre Ismael G. C., muri\u00f3 a consecuencia del fuerte impacto que recibi\u00f3 en la cabeza tras caer de su veh\u00edculo.<\/p>\n\n\n\n<p>Los testigos del accidente fueron quienes dieron aviso a los n\u00fameros de emergencia, pero, tras la llegada de los socorristas al sitio en la federal a Tlaxcala, el motociclista yac\u00eda en un charco de sangre, por lo que, al checar si ten\u00eda pulso, se confirm\u00f3 que carec\u00eda de signos vitales.<\/p>\n\n\n\n<p>El ahora occiso muri\u00f3 a consecuencia de un traumatismo craneoencef\u00e1lico severo que present\u00f3 a ra\u00edz del fuerte golpe. La zona fue acordonada por polic\u00edas municipales, quienes esperaron en el lugar hasta que se realiz\u00f3 el levantamiento del cuerpo.<\/p>\n","protected":false},"excerpt":{"rendered":"<p>Un motociclista de 19 a\u00f1os, identificado como Ismael, muri\u00f3 tras sufrir un aparatoso accidente cuando circulaba en su motocicleta sobre la carretera federal a Tlaxcala. Anoche ocurri\u00f3 un aparatoso percance a la altura de la colonia Agr\u00edcola Ignacio Zaragoza, en donde un motociclista de 19 a\u00f1os, de nombre Ismael G. C., muri\u00f3 a consecuencia del [&hellip;]<\/p>\n","protected":false},"author":4,"featured_media":62532,"comment_status":"open","ping_status":"open","sticky":false,"template":"","format":"standard","meta":{"om_disable_all_campaigns":false,"_monsterinsights_skip_tracking":false,"_monsterinsights_sitenote_active":false,"_monsterinsights_sitenote_note":"","_monsterinsights_sitenote_category":0,"footnotes":""},"categories":[175,226],"tags":[223],"class_list":["post-62531","post","type-post","status-publish","format-standard","has-post-thumbnail","hentry","category-local","category-policia","tag-puebla"],"amp_enabled":true,"_links":{"self":[{"href":"https:\/\/lahora.mx\/index.php\/wp-json\/wp\/v2\/posts\/62531","targetHints":{"allow":["GET"]}}],"collection":[{"href":"https:\/\/lahora.mx\/index.php\/wp-json\/wp\/v2\/posts"}],"about":[{"href":"https:\/\/lahora.mx\/index.php\/wp-json\/wp\/v2\/types\/post"}],"author":[{"embeddable":true,"href":"https:\/\/lahora.mx\/index.php\/wp-json\/wp\/v2\/users\/4"}],"replies":[{"embeddable":true,"href":"https:\/\/lahora.mx\/index.php\/wp-json\/wp\/v2\/comments?post=62531"}],"version-history":[{"count":1,"href":"https:\/\/lahora.mx\/index.php\/wp-json\/wp\/v2\/posts\/62531\/revisions"}],"predecessor-version":[{"id":62533,"href":"https:\/\/lahora.mx\/index.php\/wp-json\/wp\/v2\/posts\/62531\/revisions\/62533"}],"wp:featuredmedia":[{"embeddable":true,"href":"https:\/\/lahora.mx\/index.php\/wp-json\/wp\/v2\/media\/62532"}],"wp:attachment":[{"href":"https:\/\/lahora.mx\/index.php\/wp-json\/wp\/v2\/media?parent=62531"}],"wp:term":[{"taxonomy":"category","embeddable":true,"href":"https:\/\/lahora.mx\/index.php\/wp-json\/wp\/v2\/categories?post=62531"},{"taxonomy":"post_tag","embeddable":true,"href":"https:\/\/lahora.mx\/index.php\/wp-json\/wp\/v2\/tags?post=62531"}],"curies":[{"name":"wp","href":"https:\/\/api.w.org\/{rel}","templated":true}]}}