{"id":62527,"date":"2025-05-20T17:12:48","date_gmt":"2025-05-20T17:12:48","guid":{"rendered":"https:\/\/lahora.mx\/?p=62527"},"modified":"2025-05-20T17:15:38","modified_gmt":"2025-05-20T17:15:38","slug":"asesinan-a-la-secretaria-particular-de-clara-brugada-en-calzada-de-tlalpan","status":"publish","type":"post","link":"https:\/\/lahora.mx\/index.php\/2025\/05\/20\/asesinan-a-la-secretaria-particular-de-clara-brugada-en-calzada-de-tlalpan\/","title":{"rendered":"Asesinan a la secretaria particular de Clara Brugada en Calzada de Tlalpan"},"content":{"rendered":"\n<p>Esta ma\u00f1ana, sobre Calzada de Tlalpan en direcci\u00f3n hacia el centro de la Ciudad de M\u00e9xico, unos sujetos que viajaban en motocicleta dispararon contra una camioneta en la que viajaban trabajadores del gobierno de la ciudad.<\/p>\n\n\n\n<p>Durante la conferencia ma\u00f1anera de la presidenta Claudia Sheinbaum, el secretario de Seguridad, Omar Garc\u00eda Harfuch, se acerc\u00f3 a ella y le mostr\u00f3 un mensaje en su celular.<\/p>\n\n\n\n<p>Despu\u00e9s se confirm\u00f3 que era el asesinato de personas estrechamente cercanas a la jefa de gobierno de la Ciudad de M\u00e9xico, Clara Brugada, su secretaria particular, Ximena Guzm\u00e1n y Jos\u00e9 Mu\u00f1oz, su asesor, a la altura del Metro Xola. <\/p>\n\n\n\n<p>El primer reporte se\u00f1ala que los funcionarios viajaban en una camioneta en direcci\u00f3n al Centro de la ciudad en donde est\u00e1 la oficina de Clara Brugada.<\/p>\n\n\n\n<p>En espec\u00edfico iban sobre Calzada de Tlalpan cuando unos sujetos se emparejaron a la camioneta y dispararon, ah\u00ed muri\u00f3 la secretaria particular Ximena Guzm\u00e1n y Jos\u00e9 Mu\u00f1oz, el asesor, quien qued\u00f3 tirado en el asfalto.<\/p>\n\n\n\n<p>Asesinan a la secretaria particular de Clara Brugada en Calzada de Tlalpan<br>La jefa de gobierno, Clara Brugada, cancel\u00f3 todos los eventos y asuntos que ten\u00eda preparados para este martes debido al asesinato de sus m\u00e1s cercanos colaboradores.<\/p>\n","protected":false},"excerpt":{"rendered":"<p>Esta ma\u00f1ana, sobre Calzada de Tlalpan en direcci\u00f3n hacia el centro de la Ciudad de M\u00e9xico, unos sujetos que viajaban en motocicleta dispararon contra una camioneta en la que viajaban trabajadores del gobierno de la ciudad. Durante la conferencia ma\u00f1anera de la presidenta Claudia Sheinbaum, el secretario de Seguridad, Omar Garc\u00eda Harfuch, se acerc\u00f3 a [&hellip;]<\/p>\n","protected":false},"author":4,"featured_media":62528,"comment_status":"open","ping_status":"open","sticky":false,"template":"","format":"standard","meta":{"om_disable_all_campaigns":false,"_monsterinsights_skip_tracking":false,"_monsterinsights_sitenote_active":false,"_monsterinsights_sitenote_note":"","_monsterinsights_sitenote_category":0,"footnotes":""},"categories":[175,226],"tags":[195,223],"class_list":["post-62527","post","type-post","status-publish","format-standard","has-post-thumbnail","hentry","category-local","category-policia","tag-principal","tag-puebla"],"amp_enabled":true,"_links":{"self":[{"href":"https:\/\/lahora.mx\/index.php\/wp-json\/wp\/v2\/posts\/62527","targetHints":{"allow":["GET"]}}],"collection":[{"href":"https:\/\/lahora.mx\/index.php\/wp-json\/wp\/v2\/posts"}],"about":[{"href":"https:\/\/lahora.mx\/index.php\/wp-json\/wp\/v2\/types\/post"}],"author":[{"embeddable":true,"href":"https:\/\/lahora.mx\/index.php\/wp-json\/wp\/v2\/users\/4"}],"replies":[{"embeddable":true,"href":"https:\/\/lahora.mx\/index.php\/wp-json\/wp\/v2\/comments?post=62527"}],"version-history":[{"count":2,"href":"https:\/\/lahora.mx\/index.php\/wp-json\/wp\/v2\/posts\/62527\/revisions"}],"predecessor-version":[{"id":62530,"href":"https:\/\/lahora.mx\/index.php\/wp-json\/wp\/v2\/posts\/62527\/revisions\/62530"}],"wp:featuredmedia":[{"embeddable":true,"href":"https:\/\/lahora.mx\/index.php\/wp-json\/wp\/v2\/media\/62528"}],"wp:attachment":[{"href":"https:\/\/lahora.mx\/index.php\/wp-json\/wp\/v2\/media?parent=62527"}],"wp:term":[{"taxonomy":"category","embeddable":true,"href":"https:\/\/lahora.mx\/index.php\/wp-json\/wp\/v2\/categories?post=62527"},{"taxonomy":"post_tag","embeddable":true,"href":"https:\/\/lahora.mx\/index.php\/wp-json\/wp\/v2\/tags?post=62527"}],"curies":[{"name":"wp","href":"https:\/\/api.w.org\/{rel}","templated":true}]}}