{"id":62501,"date":"2025-05-19T22:43:09","date_gmt":"2025-05-19T22:43:09","guid":{"rendered":"https:\/\/lahora.mx\/?p=62501"},"modified":"2025-05-19T22:43:09","modified_gmt":"2025-05-19T22:43:09","slug":"impulsa-tonantzin-fernandez-la-promocion-del-arte-y-la-cultura-en-san-pedro-cholula","status":"publish","type":"post","link":"https:\/\/lahora.mx\/index.php\/2025\/05\/19\/impulsa-tonantzin-fernandez-la-promocion-del-arte-y-la-cultura-en-san-pedro-cholula\/","title":{"rendered":"Impulsa Tonantzin Fern\u00e1ndez la promoci\u00f3n del arte y la cultura en San Pedro Cholula"},"content":{"rendered":"\n<p>18 de mayo de 2025. San Pedro Cholula, Pue. &#8211; El Gobierno Municipal de San Pedro Cholula, encabezado por la presidenta Tonantzin Fern\u00e1ndez, refrenda su compromiso con el fortalecimiento de la cultura y el arte en el municipio, a trav\u00e9s de la promoci\u00f3n de exposiciones y actividades en espacios emblem\u00e1ticos como el Museo Casa del Caballero \u00c1guila.<\/p>\n\n\n\n<p>En esta ocasi\u00f3n, dicho recinto form\u00f3 parte de la m\u00e1s reciente edici\u00f3n de Noche de Museos, realizada el s\u00e1bado 17 de mayo. Como parte de esta jornada cultural, se inauguraron dos exposiciones que permanecer\u00e1n abiertas al p\u00fablico de manera gratuita hasta el pr\u00f3ximo 17 de junio.<br><br>Las muestras que podr\u00e1n ser apreciadas durante un mes en las diferentes salas del museo son: \u201cMosaico de Im\u00e1genes\u201d, compuesta por 72 cuadros, y \u201cPoes\u00eda para lo que no habla\u201d, integrada por 36 piezas, ambas reflejo del talento y la visi\u00f3n art\u00edstica de sus creadores.<\/p>\n\n\n\n<p>\u201cMosaico de Im\u00e1genes\u201d es una obra del fot\u00f3grafo poblano Heriberto Cano, quien con casi cuatro d\u00e9cadas de trayectoria comparte una perspectiva visual que transita de la fotograf\u00eda an\u00e1loga a la digital, capturando paisajes, personajes y momentos con una sensibilidad particular.<\/p>\n\n\n\n<p>Por su parte, \u201cPoes\u00eda para lo que no habla\u201d es una propuesta del artista visual Samuel Medrano, reconocido por su labor en murales en distintos puntos de M\u00e9xico y por llevar su arte a pa\u00edses como Guatemala y Estados Unidos.<br>Al respecto, la presidenta municipal Tonantzin Fern\u00e1ndez destac\u00f3 que esta administraci\u00f3n tiene como eje prioritario la difusi\u00f3n del arte y la cultura, brindando espacios como el Museo Casa del Caballero \u00c1guila para que artistas locales puedan compartir su obra con la ciudadan\u00eda y visitantes.<\/p>\n\n\n\n<p>M\u00e1s detalles: https:\/\/elpopular.mx\/ciudadania-y-gobierno\/2025\/05\/19\/impulsa-tonantzin-fernandez-la-promocion-del-arte-y-la-cultura-en-san-pedro-cholula<\/p>\n","protected":false},"excerpt":{"rendered":"<p>18 de mayo de 2025. San Pedro Cholula, Pue. &#8211; El Gobierno Municipal de San Pedro Cholula, encabezado por la presidenta Tonantzin Fern\u00e1ndez, refrenda su compromiso con el fortalecimiento de la cultura y el arte en el municipio, a trav\u00e9s de la promoci\u00f3n de exposiciones y actividades en espacios emblem\u00e1ticos como el Museo Casa del [&hellip;]<\/p>\n","protected":false},"author":4,"featured_media":62502,"comment_status":"open","ping_status":"open","sticky":false,"template":"","format":"standard","meta":{"om_disable_all_campaigns":false,"_monsterinsights_skip_tracking":false,"_monsterinsights_sitenote_active":false,"_monsterinsights_sitenote_note":"","_monsterinsights_sitenote_category":0,"footnotes":""},"categories":[175],"tags":[234,223],"class_list":["post-62501","post","type-post","status-publish","format-standard","has-post-thumbnail","hentry","category-local","tag-cholula","tag-puebla"],"amp_enabled":true,"_links":{"self":[{"href":"https:\/\/lahora.mx\/index.php\/wp-json\/wp\/v2\/posts\/62501","targetHints":{"allow":["GET"]}}],"collection":[{"href":"https:\/\/lahora.mx\/index.php\/wp-json\/wp\/v2\/posts"}],"about":[{"href":"https:\/\/lahora.mx\/index.php\/wp-json\/wp\/v2\/types\/post"}],"author":[{"embeddable":true,"href":"https:\/\/lahora.mx\/index.php\/wp-json\/wp\/v2\/users\/4"}],"replies":[{"embeddable":true,"href":"https:\/\/lahora.mx\/index.php\/wp-json\/wp\/v2\/comments?post=62501"}],"version-history":[{"count":1,"href":"https:\/\/lahora.mx\/index.php\/wp-json\/wp\/v2\/posts\/62501\/revisions"}],"predecessor-version":[{"id":62503,"href":"https:\/\/lahora.mx\/index.php\/wp-json\/wp\/v2\/posts\/62501\/revisions\/62503"}],"wp:featuredmedia":[{"embeddable":true,"href":"https:\/\/lahora.mx\/index.php\/wp-json\/wp\/v2\/media\/62502"}],"wp:attachment":[{"href":"https:\/\/lahora.mx\/index.php\/wp-json\/wp\/v2\/media?parent=62501"}],"wp:term":[{"taxonomy":"category","embeddable":true,"href":"https:\/\/lahora.mx\/index.php\/wp-json\/wp\/v2\/categories?post=62501"},{"taxonomy":"post_tag","embeddable":true,"href":"https:\/\/lahora.mx\/index.php\/wp-json\/wp\/v2\/tags?post=62501"}],"curies":[{"name":"wp","href":"https:\/\/api.w.org\/{rel}","templated":true}]}}