{"id":62498,"date":"2025-05-19T22:38:48","date_gmt":"2025-05-19T22:38:48","guid":{"rendered":"https:\/\/lahora.mx\/?p=62498"},"modified":"2025-05-19T22:38:49","modified_gmt":"2025-05-19T22:38:49","slug":"anuncia-lupita-cuautle-la-feria-del-nopal-2025-el-7-de-junio-sera-la-inauguracion","status":"publish","type":"post","link":"https:\/\/lahora.mx\/index.php\/2025\/05\/19\/anuncia-lupita-cuautle-la-feria-del-nopal-2025-el-7-de-junio-sera-la-inauguracion\/","title":{"rendered":"Anuncia Lupita Cuautle la Feria del Nopal 2025, el 7 de junio ser\u00e1 la inauguraci\u00f3n"},"content":{"rendered":"\n<p>La presidenta municipal de San Andr\u00e9s Cholula, Guadalupe Cuautle Torres, anunci\u00f3 la edici\u00f3n n\u00famero 29 de la Feria del Nopal 2025, la cual se llevar\u00e1 a cabo del 7 al 9 de junio en San Bernardino Tlaxcalancingo y donde se espera una afluencia de 10 mil personas.<br>La edila explic\u00f3 que el nopal tiene una caracter\u00edstica simb\u00f3lica importante en M\u00e9xico y no solo est\u00e1 en la bandera mexicana sino tambi\u00e9n es un emblema en la comunidad de San Bernardino Tlaxcalancingo, ya que a\u00fan hay muchos ciudadanos sanandrese\u00f1os que se dedican a la siembra de este vegetal.<br><br>En ese contexto, destac\u00f3 que la Feria del Nopal 2025 se llevar\u00e1 a cabo del 7 al 9 de junio, espec\u00edficamente en la cancha de f\u00fatbol en el kil\u00f3metro 6 en la Carretera Federal Puebla-Atlixco. El s\u00e1bado, 7 de junio, a las 14:00 horas, ser\u00e1 la inauguraci\u00f3n.<br>Sin duda, dijo, la feria, ser\u00e1 una exposici\u00f3n gastron\u00f3mica a cargo de platillos tradicionales, pero tambi\u00e9n habr\u00e1 postres y bebidas, as\u00ed como productos que ayudan a prevenir algunas enfermedades.<br><br>Resalt\u00f3 que se espera la afluencia de 10 mil visitantes durante los tres d\u00edas de la feria; a la par asegur\u00f3 que se seguir\u00e1 el protocolo de protecci\u00f3n civil, para garantizar la seguridad de los ciudadanos. \u201cAqu\u00ed los esperamos con los brazos abiertos\u201d.<br>Es importante se\u00f1alar que la ciudadan\u00eda podr\u00e1 encontrar en este evento, platillos elaborados con nopales, tales como, pipi\u00e1n, nopales con queso empanizados, muffins y flan elaborados con nopales, entre otros.<\/p>\n","protected":false},"excerpt":{"rendered":"<p>La presidenta municipal de San Andr\u00e9s Cholula, Guadalupe Cuautle Torres, anunci\u00f3 la edici\u00f3n n\u00famero 29 de la Feria del Nopal 2025, la cual se llevar\u00e1 a cabo del 7 al 9 de junio en San Bernardino Tlaxcalancingo y donde se espera una afluencia de 10 mil personas.La edila explic\u00f3 que el nopal tiene una caracter\u00edstica [&hellip;]<\/p>\n","protected":false},"author":4,"featured_media":62499,"comment_status":"open","ping_status":"open","sticky":false,"template":"","format":"standard","meta":{"om_disable_all_campaigns":false,"_monsterinsights_skip_tracking":false,"_monsterinsights_sitenote_active":false,"_monsterinsights_sitenote_note":"","_monsterinsights_sitenote_category":0,"footnotes":""},"categories":[175],"tags":[234,223],"class_list":["post-62498","post","type-post","status-publish","format-standard","has-post-thumbnail","hentry","category-local","tag-cholula","tag-puebla"],"amp_enabled":true,"_links":{"self":[{"href":"https:\/\/lahora.mx\/index.php\/wp-json\/wp\/v2\/posts\/62498","targetHints":{"allow":["GET"]}}],"collection":[{"href":"https:\/\/lahora.mx\/index.php\/wp-json\/wp\/v2\/posts"}],"about":[{"href":"https:\/\/lahora.mx\/index.php\/wp-json\/wp\/v2\/types\/post"}],"author":[{"embeddable":true,"href":"https:\/\/lahora.mx\/index.php\/wp-json\/wp\/v2\/users\/4"}],"replies":[{"embeddable":true,"href":"https:\/\/lahora.mx\/index.php\/wp-json\/wp\/v2\/comments?post=62498"}],"version-history":[{"count":1,"href":"https:\/\/lahora.mx\/index.php\/wp-json\/wp\/v2\/posts\/62498\/revisions"}],"predecessor-version":[{"id":62500,"href":"https:\/\/lahora.mx\/index.php\/wp-json\/wp\/v2\/posts\/62498\/revisions\/62500"}],"wp:featuredmedia":[{"embeddable":true,"href":"https:\/\/lahora.mx\/index.php\/wp-json\/wp\/v2\/media\/62499"}],"wp:attachment":[{"href":"https:\/\/lahora.mx\/index.php\/wp-json\/wp\/v2\/media?parent=62498"}],"wp:term":[{"taxonomy":"category","embeddable":true,"href":"https:\/\/lahora.mx\/index.php\/wp-json\/wp\/v2\/categories?post=62498"},{"taxonomy":"post_tag","embeddable":true,"href":"https:\/\/lahora.mx\/index.php\/wp-json\/wp\/v2\/tags?post=62498"}],"curies":[{"name":"wp","href":"https:\/\/api.w.org\/{rel}","templated":true}]}}