{"id":62486,"date":"2025-05-19T22:21:29","date_gmt":"2025-05-19T22:21:29","guid":{"rendered":"https:\/\/lahora.mx\/?p=62486"},"modified":"2025-05-19T22:21:29","modified_gmt":"2025-05-19T22:21:29","slug":"presentan-fenali-de-la-buap-celebracion-de-la-lectura-y-la-cultura","status":"publish","type":"post","link":"https:\/\/lahora.mx\/index.php\/2025\/05\/19\/presentan-fenali-de-la-buap-celebracion-de-la-lectura-y-la-cultura\/","title":{"rendered":"Presentan FENALI de la BUAP, celebraci\u00f3n de la lectura y la cultura"},"content":{"rendered":"\n<p>La Benem\u00e9rita Universidad Aut\u00f3noma de Puebla (BUAP) anunci\u00f3 oficialmente la edici\u00f3n n\u00famero 38 de la Feria Nacional del Libro (FENALI), que se llevar\u00e1 a cabo del 30 de mayo al 8 de junio en el emblem\u00e1tico Edificio Carolino, ubicado en el Centro Hist\u00f3rico de Puebla.<\/p>\n\n\n\n<p>El evento, consolidado como uno de los m\u00e1s importantes del pa\u00eds, promete ser un espacio vibrante para promover la lectura, la cultura y el conocimiento, se\u00f1al\u00f3 en conferencia de prensa Luis Antonio Lucio Venegas, encargado de despacho de la Vicerrector\u00eda de Extensi\u00f3n y Difusi\u00f3n de la Cultura de la BUAP.<\/p>\n\n\n\n<p>Se instalar\u00e1 el llamado Lobo Escenario en el cuarto patio del edificio hist\u00f3rico, espacio dedicado especialmente para que los estudiantes presenten sus proyectos, libros, lecturas y otras expresiones art\u00edsticas.<\/p>\n\n\n\n<p>A pesar del cambio de fechas un 80% de las editoriales confirmaron su participaci\u00f3n apenas una semana despu\u00e9s de abrir la convocatoria, lo que permiti\u00f3 agotar los espacios disponibles.<\/p>\n\n\n\n<p>Destac\u00f3 que la FENALI 2025 contar\u00e1 con la participaci\u00f3n de 135 casas editoriales y ofrecer\u00e1 m\u00e1s de 150 presentaciones art\u00edsticas, consolid\u00e1ndose entre las cinco ferias del libro m\u00e1s relevantes de M\u00e9xico.<\/p>\n\n\n\n<p>\u201cLa FENALI se ha convertido en un punto de encuentro imprescindible para autores, lectores y la comunidad universitaria\u201d, afirm\u00f3 Lucio Venegas.<\/p>\n\n\n\n<p>El programa de esta edici\u00f3n incluye 250 presentaciones editoriales, talleres, conferencias, concursos de K-Pop y doblaje, as\u00ed como un escenario dedicado a las presentaciones art\u00edsticas de estudiantes de la comunidad universitaria.<\/p>\n\n\n\n<p>Adem\u00e1s, se espera superar la asistencia r\u00e9cord de 60 mil personas registradas en la edici\u00f3n de 2024, con un horario de 10 de la ma\u00f1ana a 8 de la noche durante los 10 d\u00edas del evento.<\/p>\n\n\n\n<p>Se invit\u00f3 al p\u00fablico a sumarse a esta \u201cfiesta literaria\u201d que ofrecer\u00e1 libros de editoriales prestigiosas como Fondo de Cultura Econ\u00f3mica, Penguin Random House, Planeta, Sexto Piso y la red de editoriales universitarias Altexto.<\/p>\n\n\n\n<p>La programaci\u00f3n completa estar\u00e1 disponible en el sitio oficial www.fenali.buap.mx, y se invita a seguir las redes sociales de la FENALI y la BUAP para conocer las actividades y autores invitados.<\/p>\n","protected":false},"excerpt":{"rendered":"<p>La Benem\u00e9rita Universidad Aut\u00f3noma de Puebla (BUAP) anunci\u00f3 oficialmente la edici\u00f3n n\u00famero 38 de la Feria Nacional del Libro (FENALI), que se llevar\u00e1 a cabo del 30 de mayo al 8 de junio en el emblem\u00e1tico Edificio Carolino, ubicado en el Centro Hist\u00f3rico de Puebla. El evento, consolidado como uno de los m\u00e1s importantes del [&hellip;]<\/p>\n","protected":false},"author":4,"featured_media":62487,"comment_status":"open","ping_status":"open","sticky":false,"template":"","format":"standard","meta":{"om_disable_all_campaigns":false,"_monsterinsights_skip_tracking":false,"_monsterinsights_sitenote_active":false,"_monsterinsights_sitenote_note":"","_monsterinsights_sitenote_category":0,"footnotes":""},"categories":[175],"tags":[186,223],"class_list":["post-62486","post","type-post","status-publish","format-standard","has-post-thumbnail","hentry","category-local","tag-buap","tag-puebla"],"amp_enabled":true,"_links":{"self":[{"href":"https:\/\/lahora.mx\/index.php\/wp-json\/wp\/v2\/posts\/62486","targetHints":{"allow":["GET"]}}],"collection":[{"href":"https:\/\/lahora.mx\/index.php\/wp-json\/wp\/v2\/posts"}],"about":[{"href":"https:\/\/lahora.mx\/index.php\/wp-json\/wp\/v2\/types\/post"}],"author":[{"embeddable":true,"href":"https:\/\/lahora.mx\/index.php\/wp-json\/wp\/v2\/users\/4"}],"replies":[{"embeddable":true,"href":"https:\/\/lahora.mx\/index.php\/wp-json\/wp\/v2\/comments?post=62486"}],"version-history":[{"count":1,"href":"https:\/\/lahora.mx\/index.php\/wp-json\/wp\/v2\/posts\/62486\/revisions"}],"predecessor-version":[{"id":62488,"href":"https:\/\/lahora.mx\/index.php\/wp-json\/wp\/v2\/posts\/62486\/revisions\/62488"}],"wp:featuredmedia":[{"embeddable":true,"href":"https:\/\/lahora.mx\/index.php\/wp-json\/wp\/v2\/media\/62487"}],"wp:attachment":[{"href":"https:\/\/lahora.mx\/index.php\/wp-json\/wp\/v2\/media?parent=62486"}],"wp:term":[{"taxonomy":"category","embeddable":true,"href":"https:\/\/lahora.mx\/index.php\/wp-json\/wp\/v2\/categories?post=62486"},{"taxonomy":"post_tag","embeddable":true,"href":"https:\/\/lahora.mx\/index.php\/wp-json\/wp\/v2\/tags?post=62486"}],"curies":[{"name":"wp","href":"https:\/\/api.w.org\/{rel}","templated":true}]}}