{"id":62483,"date":"2025-05-19T22:11:41","date_gmt":"2025-05-19T22:11:41","guid":{"rendered":"https:\/\/lahora.mx\/?p=62483"},"modified":"2025-05-19T22:11:42","modified_gmt":"2025-05-19T22:11:42","slug":"arzobispo-victor-sanchez-presentara-su-renuncia-al-papa-leon-xiv","status":"publish","type":"post","link":"https:\/\/lahora.mx\/index.php\/2025\/05\/19\/arzobispo-victor-sanchez-presentara-su-renuncia-al-papa-leon-xiv\/","title":{"rendered":"Arzobispo V\u00edctor S\u00e1nchez presentar\u00e1 su renuncia al papa Le\u00f3n XIV"},"content":{"rendered":"\n<p>A tres d\u00edas de cumplir 75 a\u00f1os de edad, el arzobispo V\u00edctor S\u00e1nchez Espinosa presentar\u00e1 su dimisi\u00f3n al papa Le\u00f3n XIV este mi\u00e9rcoles, confirm\u00f3 el obispo auxiliar de la Arquidi\u00f3cesis de Puebla, Francisco Javier Mart\u00ednez Castillo, pero aclar\u00f3 que monse\u00f1or continuar\u00e1 siendo el pastor de la iglesia poblana.<\/p>\n\n\n\n<p>Despu\u00e9s de la misa dominical, precis\u00f3 que el C\u00f3digo de Derecho Can\u00f3nico establece que todos los obispos, al cumplir 75 a\u00f1os de edad, deben presentar su renuncia.<\/p>\n\n\n\n<p>\u00abEl C\u00f3digo Derecho Can\u00f3nico establece que todos los arzobispos al cumplir 75 a\u00f1os debemos presentar la renuncia de oficio\u00bb.<\/p>\n\n\n\n<p>Insisti\u00f3 que la renuncia es presentada por todos los obispos del mundo en esta edad, al papa en turno, en este caso a Le\u00f3n XIV.<\/p>\n\n\n\n<p>Refrend\u00f3 que en el d\u00eda y momento de la dimisi\u00f3n, no necesariamente son aceptadas por el papa, porque tiene la facultad de mantener al obispo en funciones el tiempo que considere pertinente.<\/p>\n\n\n\n<p>\u00abLa renuncia se presenta e\u00f1al Papa, por supuesto, pero, no significa que en ese momento necesariamente queda aceptada o no se puede aceptar o se puede aceptar en otro momento; ordinariamente pasa un tiempo para que el Papa acepte. No depende del se\u00f1or Arzobispo a \u00e9l le corresponde presentarla en el tiempo que tiene que ser y corresponde al Papa aceptarla, cu\u00e1ndo, no lo sabemos. Es decisi\u00f3n que deber\u00e1 tomar y lo sabremos en su momento\u00bb.<\/p>\n\n\n\n<p>Cirug\u00edas de rodillas y cadera de S\u00e1nchez Espinosa<br>El arzobispo V\u00edctor S\u00e1nchez Espinosa fue intervenido quir\u00fargicamente durante enero de 2024 de la rodilla izquierda y de la cadera de ese mismo lado del cuerpo en Guadalajara, Jalisco.<\/p>\n\n\n\n<p>La intervenci\u00f3n realizada en la segunda quincena del primer mes del a\u00f1o previo fue un \u00e9xito, pero monse\u00f1or lamentablemente sufri\u00f3 una ca\u00edda y tuvo una serie de complicaciones en su rehabilitaci\u00f3n.<\/p>\n\n\n\n<p>Monse\u00f1or al no recuperarse completamente de esa ca\u00edda, nuevamente tuvo que ser intervenido de la rodilla izquierda, pero tambi\u00e9n de la rodilla derecha, durante la segunda quincena de febrero de este 2025.<\/p>\n\n\n\n<p>La intervenci\u00f3n fue exitosa y en esta ocasi\u00f3n monse\u00f1or no sufri\u00f3 ninguna ca\u00edda, lo que le permiti\u00f3 reaparecer durante la celebraci\u00f3n religiosa de la Bendici\u00f3n de los Santos \u00d3leos, acompa\u00f1ada del lavatorio de pies en Semana Santa.<\/p>\n\n\n\n<p>Despu\u00e9s, particip\u00f3 en la Procesi\u00f3n de Viernes Santo, en donde se not\u00f3 con muy poca fuerza al momento de caminar distancias cortas, la mayor parte del recorrido lo realiz\u00f3 en un mini auto el\u00e9ctrico de la UPAEP.<\/p>\n","protected":false},"excerpt":{"rendered":"<p>A tres d\u00edas de cumplir 75 a\u00f1os de edad, el arzobispo V\u00edctor S\u00e1nchez Espinosa presentar\u00e1 su dimisi\u00f3n al papa Le\u00f3n XIV este mi\u00e9rcoles, confirm\u00f3 el obispo auxiliar de la Arquidi\u00f3cesis de Puebla, Francisco Javier Mart\u00ednez Castillo, pero aclar\u00f3 que monse\u00f1or continuar\u00e1 siendo el pastor de la iglesia poblana. Despu\u00e9s de la misa dominical, precis\u00f3 que [&hellip;]<\/p>\n","protected":false},"author":4,"featured_media":62484,"comment_status":"open","ping_status":"open","sticky":false,"template":"","format":"standard","meta":{"om_disable_all_campaigns":false,"_monsterinsights_skip_tracking":false,"_monsterinsights_sitenote_active":false,"_monsterinsights_sitenote_note":"","_monsterinsights_sitenote_category":0,"footnotes":""},"categories":[175],"tags":[195],"class_list":["post-62483","post","type-post","status-publish","format-standard","has-post-thumbnail","hentry","category-local","tag-principal"],"amp_enabled":true,"_links":{"self":[{"href":"https:\/\/lahora.mx\/index.php\/wp-json\/wp\/v2\/posts\/62483","targetHints":{"allow":["GET"]}}],"collection":[{"href":"https:\/\/lahora.mx\/index.php\/wp-json\/wp\/v2\/posts"}],"about":[{"href":"https:\/\/lahora.mx\/index.php\/wp-json\/wp\/v2\/types\/post"}],"author":[{"embeddable":true,"href":"https:\/\/lahora.mx\/index.php\/wp-json\/wp\/v2\/users\/4"}],"replies":[{"embeddable":true,"href":"https:\/\/lahora.mx\/index.php\/wp-json\/wp\/v2\/comments?post=62483"}],"version-history":[{"count":1,"href":"https:\/\/lahora.mx\/index.php\/wp-json\/wp\/v2\/posts\/62483\/revisions"}],"predecessor-version":[{"id":62485,"href":"https:\/\/lahora.mx\/index.php\/wp-json\/wp\/v2\/posts\/62483\/revisions\/62485"}],"wp:featuredmedia":[{"embeddable":true,"href":"https:\/\/lahora.mx\/index.php\/wp-json\/wp\/v2\/media\/62484"}],"wp:attachment":[{"href":"https:\/\/lahora.mx\/index.php\/wp-json\/wp\/v2\/media?parent=62483"}],"wp:term":[{"taxonomy":"category","embeddable":true,"href":"https:\/\/lahora.mx\/index.php\/wp-json\/wp\/v2\/categories?post=62483"},{"taxonomy":"post_tag","embeddable":true,"href":"https:\/\/lahora.mx\/index.php\/wp-json\/wp\/v2\/tags?post=62483"}],"curies":[{"name":"wp","href":"https:\/\/api.w.org\/{rel}","templated":true}]}}