{"id":62477,"date":"2025-05-19T21:54:45","date_gmt":"2025-05-19T21:54:45","guid":{"rendered":"https:\/\/lahora.mx\/?p=62477"},"modified":"2025-05-19T21:54:46","modified_gmt":"2025-05-19T21:54:46","slug":"proyecto-para-reubicar-caseta-de-la-autopista-a-atlixco-sera-presentado-a-finales-de-junio-garcia-parra","status":"publish","type":"post","link":"https:\/\/lahora.mx\/index.php\/2025\/05\/19\/proyecto-para-reubicar-caseta-de-la-autopista-a-atlixco-sera-presentado-a-finales-de-junio-garcia-parra\/","title":{"rendered":"Proyecto para reubicar caseta de la autopista a Atlixco ser\u00e1 presentado a finales de junio: Garc\u00eda Parra"},"content":{"rendered":"\n<p>Ser\u00e1 a finales de junio cuando el Gobierno del Estado presente un proyecto integral de movilidad, que incluir\u00e1 la reubicaci\u00f3n de la caseta de cobro en la autopista a Atlixco. As\u00ed lo anunci\u00f3 el coordinador del Gabinete estatal, Jos\u00e9 Luis Garc\u00eda Parra.<\/p>\n\n\n\n<p>El funcionario detall\u00f3 que actualmente se realiza un estudio t\u00e9cnico en coordinaci\u00f3n con la empresa Pinfra, concesionaria del tramo, con el fin de conocer la viabilidad y los requerimientos de inversi\u00f3n para este proyecto.<\/p>\n\n\n\n<p>\u201cEn el caso del proyecto de reubicaci\u00f3n de la caseta de la autopista a Atlixco, se acord\u00f3 con el propietario del t\u00edtulo de concesi\u00f3n, con Pinfra, que se llevar\u00eda a cabo un estudio. Ese estudio ya lleva un poco m\u00e1s de 30 d\u00edas. Quedamos que, para finales de junio, se presentar\u00edan los resultados\u201d, explic\u00f3.<\/p>\n\n\n\n<p>Garc\u00eda Parra subray\u00f3 que el objetivo del proyecto no es solo mover la caseta algunos metros o kil\u00f3metros, sino mejorar de forma integral la movilidad en toda la zona, con una visi\u00f3n a largo plazo.<\/p>\n\n\n\n<p>\u201cNo solamente es mover la caseta unos metros o unos kil\u00f3metros hacia adelante, sino c\u00f3mo aprovechar y mejorar la movilidad de toda la zona, aprovechando tambi\u00e9n las laterales de la V\u00eda Atlixc\u00e1yotl\u201d, dijo.<\/p>\n\n\n\n<p>Adem\u00e1s, el estudio contempla la integraci\u00f3n del paradero de transporte que conecta a municipios como Atlixco, Iz\u00facar de Matamoros y la regi\u00f3n de la Mixteca.<\/p>\n\n\n\n<p>\u201cEstamos en espera de la conclusi\u00f3n de este estudio y, a partir de ello, presentaremos un avance y los planteamientos de las acciones a seguir\u201d, concluy\u00f3.<\/p>\n","protected":false},"excerpt":{"rendered":"<p>Ser\u00e1 a finales de junio cuando el Gobierno del Estado presente un proyecto integral de movilidad, que incluir\u00e1 la reubicaci\u00f3n de la caseta de cobro en la autopista a Atlixco. As\u00ed lo anunci\u00f3 el coordinador del Gabinete estatal, Jos\u00e9 Luis Garc\u00eda Parra. El funcionario detall\u00f3 que actualmente se realiza un estudio t\u00e9cnico en coordinaci\u00f3n con [&hellip;]<\/p>\n","protected":false},"author":4,"featured_media":62478,"comment_status":"open","ping_status":"open","sticky":false,"template":"","format":"standard","meta":{"om_disable_all_campaigns":false,"_monsterinsights_skip_tracking":false,"_monsterinsights_sitenote_active":false,"_monsterinsights_sitenote_note":"","_monsterinsights_sitenote_category":0,"footnotes":""},"categories":[175],"tags":[],"class_list":["post-62477","post","type-post","status-publish","format-standard","has-post-thumbnail","hentry","category-local"],"amp_enabled":true,"_links":{"self":[{"href":"https:\/\/lahora.mx\/index.php\/wp-json\/wp\/v2\/posts\/62477","targetHints":{"allow":["GET"]}}],"collection":[{"href":"https:\/\/lahora.mx\/index.php\/wp-json\/wp\/v2\/posts"}],"about":[{"href":"https:\/\/lahora.mx\/index.php\/wp-json\/wp\/v2\/types\/post"}],"author":[{"embeddable":true,"href":"https:\/\/lahora.mx\/index.php\/wp-json\/wp\/v2\/users\/4"}],"replies":[{"embeddable":true,"href":"https:\/\/lahora.mx\/index.php\/wp-json\/wp\/v2\/comments?post=62477"}],"version-history":[{"count":1,"href":"https:\/\/lahora.mx\/index.php\/wp-json\/wp\/v2\/posts\/62477\/revisions"}],"predecessor-version":[{"id":62479,"href":"https:\/\/lahora.mx\/index.php\/wp-json\/wp\/v2\/posts\/62477\/revisions\/62479"}],"wp:featuredmedia":[{"embeddable":true,"href":"https:\/\/lahora.mx\/index.php\/wp-json\/wp\/v2\/media\/62478"}],"wp:attachment":[{"href":"https:\/\/lahora.mx\/index.php\/wp-json\/wp\/v2\/media?parent=62477"}],"wp:term":[{"taxonomy":"category","embeddable":true,"href":"https:\/\/lahora.mx\/index.php\/wp-json\/wp\/v2\/categories?post=62477"},{"taxonomy":"post_tag","embeddable":true,"href":"https:\/\/lahora.mx\/index.php\/wp-json\/wp\/v2\/tags?post=62477"}],"curies":[{"name":"wp","href":"https:\/\/api.w.org\/{rel}","templated":true}]}}