{"id":62468,"date":"2025-05-19T17:38:33","date_gmt":"2025-05-19T17:38:33","guid":{"rendered":"https:\/\/lahora.mx\/?p=62468"},"modified":"2025-05-19T17:38:34","modified_gmt":"2025-05-19T17:38:34","slug":"rescatan-a-9-migrantes-entre-ellos-un-bebe-durante-operativo-en-cuautlancingo","status":"publish","type":"post","link":"https:\/\/lahora.mx\/index.php\/2025\/05\/19\/rescatan-a-9-migrantes-entre-ellos-un-bebe-durante-operativo-en-cuautlancingo\/","title":{"rendered":"Rescatan a 9 migrantes, entre ellos un beb\u00e9, durante operativo en Cuautlancingo"},"content":{"rendered":"\n<p>Elementos del Instituto Nacional de Migraci\u00f3n (INM) aseguraron a nueve migrantes de nacionalidad colombiana en el municipio de Cuautlancingo, entre ellos una menor de 11 meses de edad.<\/p>\n\n\n\n<p>A trav\u00e9s de un comunicado, la dependencia inform\u00f3 que el aseguramiento se dio tras un operativo conjunto realizado el pasado fin de semana, en el que se inspeccionaron diversos giros negros ubicados en distintos puntos del municipio, donde se detect\u00f3 a las personas extranjeras sin la documentaci\u00f3n requerida para permanecer legalmente en M\u00e9xico.<\/p>\n\n\n\n<p>El grupo estaba conformado por seis hombres, dos mujeres y la menor mencionada. Todos fueron trasladados a las oficinas del INM en Puebla, donde se iniciaron los procedimientos legales correspondientes para su atenci\u00f3n y resguardo.<\/p>\n\n\n\n<p>En el operativo participaron elementos de la Secretar\u00eda de la Defensa Nacional (SEDENA), la Secretar\u00eda de Seguridad P\u00fablica (SSP), y la Secretar\u00eda de Seguridad Ciudadana y Protecci\u00f3n Civil de Cuautlancingo.<\/p>\n\n\n\n<p>Tambi\u00e9n colaboraron integrantes del \u00e1rea de Supervisi\u00f3n de Giros Comerciales y de Protecci\u00f3n Civil municipal, como parte de las acciones coordinadas para reforzar la seguridad en la regi\u00f3n y garantizar el respeto a los derechos humanos.<\/p>\n\n\n\n<p>Hasta el momento no se ha proporcionado informaci\u00f3n adicional sobre el estado de salud de las personas ni sobre su estatus migratorio actual.<\/p>\n","protected":false},"excerpt":{"rendered":"<p>Elementos del Instituto Nacional de Migraci\u00f3n (INM) aseguraron a nueve migrantes de nacionalidad colombiana en el municipio de Cuautlancingo, entre ellos una menor de 11 meses de edad. A trav\u00e9s de un comunicado, la dependencia inform\u00f3 que el aseguramiento se dio tras un operativo conjunto realizado el pasado fin de semana, en el que se [&hellip;]<\/p>\n","protected":false},"author":4,"featured_media":62469,"comment_status":"open","ping_status":"open","sticky":false,"template":"","format":"standard","meta":{"om_disable_all_campaigns":false,"_monsterinsights_skip_tracking":false,"_monsterinsights_sitenote_active":false,"_monsterinsights_sitenote_note":"","_monsterinsights_sitenote_category":0,"footnotes":""},"categories":[175],"tags":[223],"class_list":["post-62468","post","type-post","status-publish","format-standard","has-post-thumbnail","hentry","category-local","tag-puebla"],"amp_enabled":true,"_links":{"self":[{"href":"https:\/\/lahora.mx\/index.php\/wp-json\/wp\/v2\/posts\/62468","targetHints":{"allow":["GET"]}}],"collection":[{"href":"https:\/\/lahora.mx\/index.php\/wp-json\/wp\/v2\/posts"}],"about":[{"href":"https:\/\/lahora.mx\/index.php\/wp-json\/wp\/v2\/types\/post"}],"author":[{"embeddable":true,"href":"https:\/\/lahora.mx\/index.php\/wp-json\/wp\/v2\/users\/4"}],"replies":[{"embeddable":true,"href":"https:\/\/lahora.mx\/index.php\/wp-json\/wp\/v2\/comments?post=62468"}],"version-history":[{"count":1,"href":"https:\/\/lahora.mx\/index.php\/wp-json\/wp\/v2\/posts\/62468\/revisions"}],"predecessor-version":[{"id":62470,"href":"https:\/\/lahora.mx\/index.php\/wp-json\/wp\/v2\/posts\/62468\/revisions\/62470"}],"wp:featuredmedia":[{"embeddable":true,"href":"https:\/\/lahora.mx\/index.php\/wp-json\/wp\/v2\/media\/62469"}],"wp:attachment":[{"href":"https:\/\/lahora.mx\/index.php\/wp-json\/wp\/v2\/media?parent=62468"}],"wp:term":[{"taxonomy":"category","embeddable":true,"href":"https:\/\/lahora.mx\/index.php\/wp-json\/wp\/v2\/categories?post=62468"},{"taxonomy":"post_tag","embeddable":true,"href":"https:\/\/lahora.mx\/index.php\/wp-json\/wp\/v2\/tags?post=62468"}],"curies":[{"name":"wp","href":"https:\/\/api.w.org\/{rel}","templated":true}]}}