{"id":62465,"date":"2025-05-19T17:29:25","date_gmt":"2025-05-19T17:29:25","guid":{"rendered":"https:\/\/lahora.mx\/?p=62465"},"modified":"2025-05-19T17:35:29","modified_gmt":"2025-05-19T17:35:29","slug":"denuncian-a-acosador-anda-por-universidades-loma-linda-y-san-isidro","status":"publish","type":"post","link":"https:\/\/lahora.mx\/index.php\/2025\/05\/19\/denuncian-a-acosador-anda-por-universidades-loma-linda-y-san-isidro\/","title":{"rendered":"Denuncian a acosador; anda por Universidades, Loma Linda y San Isidro"},"content":{"rendered":"\n<p>Abordo de una motocicleta y con el rostro cubierto por un casco, un sujeto acosa a ni\u00f1as en las colonias Universidades, Loma Linda y San Isidro de la ciudad de Puebla.<\/p>\n\n\n\n<p>En redes sociales, internautas advierten sobre la presencia de un sujeto que enfrente de menores de edad, se baja los pantalones.<\/p>\n\n\n\n<p>\u00abVean el video, hace rato pas\u00f3, pero se le pel\u00f3 a mi hermano, porque se baj\u00f3 el pantal\u00f3n y le mostr\u00f3 su porquer\u00eda a una morrilla que iba pasando, tiene 8 a\u00f1itos la ni\u00f1a\u00bb, indic\u00f3 el usuario de redes sociales.<\/p>\n\n\n\n<p>En las im\u00e1genes de c\u00e1maras de seguridad, se observa al hombre cuando se levanta del asiento de la motocicleta para mostrar sus genitales mientras contin\u00faa conduciendo.<\/p>\n\n\n\n<p>Denuncian a acosador de Los H\u00e9roes<br>Hace una semana, una joven denunci\u00f3 en las redes sociales a un sujeto que la acos\u00f3 cuando sali\u00f3 del gimnasio, cerca del fraccionamiento Los H\u00e9roes.<\/p>\n\n\n\n<p>La agresi\u00f3n ocurri\u00f3 la tarde del 13 de mayo, cuando el hombre se acerc\u00f3 para tocarla y empujarla cuando escap\u00f3 del lugar.<\/p>\n\n\n\n<p>Mientras hu\u00eda, la v\u00edctima grab\u00f3 al agresor, quien trat\u00f3 de ocultarse en unos arbustos cercanos al Perif\u00e9rico Ecol\u00f3gico.<\/p>\n\n\n\n<p>Cuando la v\u00edctima comparti\u00f3 las im\u00e1genes en las redes sociales, otras v\u00edctimas identificaron al sujeto y comentaron que tambi\u00e9n las ha agredido.<\/p>\n","protected":false},"excerpt":{"rendered":"<p>Abordo de una motocicleta y con el rostro cubierto por un casco, un sujeto acosa a ni\u00f1as en las colonias Universidades, Loma Linda y San Isidro de la ciudad de Puebla. En redes sociales, internautas advierten sobre la presencia de un sujeto que enfrente de menores de edad, se baja los pantalones. \u00abVean el video, [&hellip;]<\/p>\n","protected":false},"author":4,"featured_media":62466,"comment_status":"open","ping_status":"open","sticky":false,"template":"","format":"standard","meta":{"om_disable_all_campaigns":false,"_monsterinsights_skip_tracking":false,"_monsterinsights_sitenote_active":false,"_monsterinsights_sitenote_note":"","_monsterinsights_sitenote_category":0,"footnotes":""},"categories":[175],"tags":[223],"class_list":["post-62465","post","type-post","status-publish","format-standard","has-post-thumbnail","hentry","category-local","tag-puebla"],"amp_enabled":true,"_links":{"self":[{"href":"https:\/\/lahora.mx\/index.php\/wp-json\/wp\/v2\/posts\/62465","targetHints":{"allow":["GET"]}}],"collection":[{"href":"https:\/\/lahora.mx\/index.php\/wp-json\/wp\/v2\/posts"}],"about":[{"href":"https:\/\/lahora.mx\/index.php\/wp-json\/wp\/v2\/types\/post"}],"author":[{"embeddable":true,"href":"https:\/\/lahora.mx\/index.php\/wp-json\/wp\/v2\/users\/4"}],"replies":[{"embeddable":true,"href":"https:\/\/lahora.mx\/index.php\/wp-json\/wp\/v2\/comments?post=62465"}],"version-history":[{"count":1,"href":"https:\/\/lahora.mx\/index.php\/wp-json\/wp\/v2\/posts\/62465\/revisions"}],"predecessor-version":[{"id":62467,"href":"https:\/\/lahora.mx\/index.php\/wp-json\/wp\/v2\/posts\/62465\/revisions\/62467"}],"wp:featuredmedia":[{"embeddable":true,"href":"https:\/\/lahora.mx\/index.php\/wp-json\/wp\/v2\/media\/62466"}],"wp:attachment":[{"href":"https:\/\/lahora.mx\/index.php\/wp-json\/wp\/v2\/media?parent=62465"}],"wp:term":[{"taxonomy":"category","embeddable":true,"href":"https:\/\/lahora.mx\/index.php\/wp-json\/wp\/v2\/categories?post=62465"},{"taxonomy":"post_tag","embeddable":true,"href":"https:\/\/lahora.mx\/index.php\/wp-json\/wp\/v2\/tags?post=62465"}],"curies":[{"name":"wp","href":"https:\/\/api.w.org\/{rel}","templated":true}]}}