{"id":62420,"date":"2025-05-17T03:40:53","date_gmt":"2025-05-17T03:40:53","guid":{"rendered":"https:\/\/lahora.mx\/?p=62420"},"modified":"2025-05-17T03:40:53","modified_gmt":"2025-05-17T03:40:53","slug":"puebla-en-medio-de-una-ola-de-calor-reporta-la-conagua","status":"publish","type":"post","link":"https:\/\/lahora.mx\/index.php\/2025\/05\/17\/puebla-en-medio-de-una-ola-de-calor-reporta-la-conagua\/","title":{"rendered":"Puebla en medio de una ola de calor reporta la Conagua"},"content":{"rendered":"\n<p>Durante el fin de semana prevalecer\u00e1 una onda de calor en el estado de Puebla, espacialmente en la zona sur y suroeste, donde incluso podr\u00edan registrarse temperaturas m\u00e1ximas de 40 a 45 grados Celsius, inform\u00f3 el Servicio Meteorol\u00f3gico Nacional. Otros estados que registrar\u00e1n altas temperaturas son Veracruz, San Luis Potos\u00ed, Jalisco, Morelos, Oaxaca, entre otros.<\/p>\n\n\n\n<p>El Meteorol\u00f3gico Nacional, perteneciente a la Comisi\u00f3n Nacional del Agua, inform\u00f3 que continuar\u00e1 la onda de calor que ha azotado a la mayor parte de los estados de M\u00e9xico, entre ellos a Puebla. La CONAGUA advirti\u00f3 que, en los estados de Puebla, Sonora, Chihuahua, Veracruz, Sinaloa, Oaxaca, entre otros, se pronostica que contin\u00fae un ambiente de caluroso a muy caluroso.<\/p>\n\n\n\n<p>Junto con el informe, se recomienda a la poblaci\u00f3n tomar medidas preventivas como evitar la exposici\u00f3n prolongada al sol, vestir ropa de manga larga y de colores claros, hidratarse adecuadamente, entre otras recomendaciones para cuidar la salud general.<\/p>\n\n\n\n<p>De igual manera, se inform\u00f3 que se esperan rachas de viento en el estado de Puebla de entre 30 a 50 kil\u00f3metros por hora y con posibles tolvaneras.<\/p>\n\n\n\n<p>Sin embargo, no todo es calor. El Servicio Meteorol\u00f3gico Nacional a\u00f1adi\u00f3 que tambi\u00e9n se prev\u00e9n lluvias puntuales en Puebla de 5 a 25 mm y que la temperatura m\u00ednima que alcanzar\u00e1 el estado ser\u00e1 de entre 0 a 5 grados.<\/p>\n","protected":false},"excerpt":{"rendered":"<p>Durante el fin de semana prevalecer\u00e1 una onda de calor en el estado de Puebla, espacialmente en la zona sur y suroeste, donde incluso podr\u00edan registrarse temperaturas m\u00e1ximas de 40 a 45 grados Celsius, inform\u00f3 el Servicio Meteorol\u00f3gico Nacional. Otros estados que registrar\u00e1n altas temperaturas son Veracruz, San Luis Potos\u00ed, Jalisco, Morelos, Oaxaca, entre otros. [&hellip;]<\/p>\n","protected":false},"author":4,"featured_media":62421,"comment_status":"open","ping_status":"open","sticky":false,"template":"","format":"standard","meta":{"om_disable_all_campaigns":false,"_monsterinsights_skip_tracking":false,"_monsterinsights_sitenote_active":false,"_monsterinsights_sitenote_note":"","_monsterinsights_sitenote_category":0,"footnotes":""},"categories":[175],"tags":[195,223],"class_list":["post-62420","post","type-post","status-publish","format-standard","has-post-thumbnail","hentry","category-local","tag-principal","tag-puebla"],"amp_enabled":true,"_links":{"self":[{"href":"https:\/\/lahora.mx\/index.php\/wp-json\/wp\/v2\/posts\/62420","targetHints":{"allow":["GET"]}}],"collection":[{"href":"https:\/\/lahora.mx\/index.php\/wp-json\/wp\/v2\/posts"}],"about":[{"href":"https:\/\/lahora.mx\/index.php\/wp-json\/wp\/v2\/types\/post"}],"author":[{"embeddable":true,"href":"https:\/\/lahora.mx\/index.php\/wp-json\/wp\/v2\/users\/4"}],"replies":[{"embeddable":true,"href":"https:\/\/lahora.mx\/index.php\/wp-json\/wp\/v2\/comments?post=62420"}],"version-history":[{"count":1,"href":"https:\/\/lahora.mx\/index.php\/wp-json\/wp\/v2\/posts\/62420\/revisions"}],"predecessor-version":[{"id":62422,"href":"https:\/\/lahora.mx\/index.php\/wp-json\/wp\/v2\/posts\/62420\/revisions\/62422"}],"wp:featuredmedia":[{"embeddable":true,"href":"https:\/\/lahora.mx\/index.php\/wp-json\/wp\/v2\/media\/62421"}],"wp:attachment":[{"href":"https:\/\/lahora.mx\/index.php\/wp-json\/wp\/v2\/media?parent=62420"}],"wp:term":[{"taxonomy":"category","embeddable":true,"href":"https:\/\/lahora.mx\/index.php\/wp-json\/wp\/v2\/categories?post=62420"},{"taxonomy":"post_tag","embeddable":true,"href":"https:\/\/lahora.mx\/index.php\/wp-json\/wp\/v2\/tags?post=62420"}],"curies":[{"name":"wp","href":"https:\/\/api.w.org\/{rel}","templated":true}]}}