{"id":62408,"date":"2025-05-16T18:46:46","date_gmt":"2025-05-16T18:46:46","guid":{"rendered":"https:\/\/lahora.mx\/?p=62408"},"modified":"2025-05-16T18:46:47","modified_gmt":"2025-05-16T18:46:47","slug":"gobierno-de-la-ciudad-invita-a-la-cuarta-noche-de-museos-2025","status":"publish","type":"post","link":"https:\/\/lahora.mx\/index.php\/2025\/05\/16\/gobierno-de-la-ciudad-invita-a-la-cuarta-noche-de-museos-2025\/","title":{"rendered":"Gobierno de la Ciudad invita a la Cuarta Noche de Museos 2025"},"content":{"rendered":"\n<p>Para conmemorar el D\u00eda Internacional de los Museos y el 37 aniversario del Museo Nacional de los Ferrocarriles Mexicanos, 33 recintos culturales y galer\u00edas participar\u00e1n el s\u00e1bado 17 de mayo en la Cuarta Noche de Museos del presente a\u00f1o, organizada por el Gobierno de la Ciudad, anunci\u00f3 el secretario de Econom\u00eda y Turismo, Jaime Oropeza Casas.<\/p>\n\n\n\n<p>En rueda de prensa, el funcionario destac\u00f3 que durante los 13 a\u00f1os que lleva este programa, se ha consolidado la promoci\u00f3n de la oferta cultural de la ciudad, as\u00ed como de la junta auxiliar Ignacio Romero Vargas, y de los municipios de San Pedro Cholula, Iz\u00facar de Matamoros, Teziutl\u00e1n y Zacatl\u00e1n, que se han sumado a la estrategia.<\/p>\n\n\n\n<p>Gobierno de la Ciudad invita a la Cuarta Noche de Museos 2025<br>Adem\u00e1s, agreg\u00f3 que esta ser\u00e1 la octava edici\u00f3n de la administraci\u00f3n del alcalde Pepe Chedraui Budib, que en las siete anteriores, ha reunido a m\u00e1s de 167 mil visitantes, incluida la fecha con mayor asistencia en la historia del programa, la del 2 de noviembre de 2024, en la que se registraron m\u00e1s de 71 mil asistentes.<\/p>\n\n\n\n<p>Para esta edici\u00f3n, 33 museos, recintos y galer\u00edas de los gobiernos municipales, universidades, as\u00ed como artistas y promotores particulares, recibir\u00e1n a los visitantes, de acuerdo con sus propias pol\u00edticas y horarios de ingreso, que podr\u00e1n consultarse en las cuentas oficiales del Gobierno de la Ciudad, la Secretar\u00eda de Econom\u00eda y Turismo, tambi\u00e9n en la de Noche de Museos.<\/p>\n\n\n\n<p>Gobierno de la Ciudad invita a la Cuarta Noche de Museos 2025<br>Rosa Mar\u00eda Licea Garibay, subdirectora del Museo Nacional de los Ferrocarriles Mexicanos, agreg\u00f3 que este recinto se suma, en la conmemoraci\u00f3n de su 37 aniversario, con actividades especiales como un homenaje a la artista Silvia H. Gonz\u00e1lez.<\/p>\n\n\n\n<p>Mientras que Bruno Wilson, jefe de Conservaci\u00f3n y Restauraci\u00f3n del museo, explic\u00f3 que se ofrecer\u00e1 un recorrido especial por la locomotora 2203, que marc\u00f3 un hito en la historia de la movilidad al ser la primera que oper\u00f3 con di\u00e9sel.<\/p>\n\n\n\n<p>Adem\u00e1s, destac\u00f3 que se permitir\u00e1 el acceso a una locomotora de vapor, en la que se podr\u00e1 hacer sonar el caracter\u00edstico silbato del tren.<\/p>\n","protected":false},"excerpt":{"rendered":"<p>Para conmemorar el D\u00eda Internacional de los Museos y el 37 aniversario del Museo Nacional de los Ferrocarriles Mexicanos, 33 recintos culturales y galer\u00edas participar\u00e1n el s\u00e1bado 17 de mayo en la Cuarta Noche de Museos del presente a\u00f1o, organizada por el Gobierno de la Ciudad, anunci\u00f3 el secretario de Econom\u00eda y Turismo, Jaime Oropeza [&hellip;]<\/p>\n","protected":false},"author":4,"featured_media":62409,"comment_status":"open","ping_status":"open","sticky":false,"template":"","format":"standard","meta":{"om_disable_all_campaigns":false,"_monsterinsights_skip_tracking":false,"_monsterinsights_sitenote_active":false,"_monsterinsights_sitenote_note":"","_monsterinsights_sitenote_category":0,"footnotes":""},"categories":[3,175],"tags":[223],"class_list":["post-62408","post","type-post","status-publish","format-standard","has-post-thumbnail","hentry","category-entretenimiento","category-local","tag-puebla"],"amp_enabled":true,"_links":{"self":[{"href":"https:\/\/lahora.mx\/index.php\/wp-json\/wp\/v2\/posts\/62408","targetHints":{"allow":["GET"]}}],"collection":[{"href":"https:\/\/lahora.mx\/index.php\/wp-json\/wp\/v2\/posts"}],"about":[{"href":"https:\/\/lahora.mx\/index.php\/wp-json\/wp\/v2\/types\/post"}],"author":[{"embeddable":true,"href":"https:\/\/lahora.mx\/index.php\/wp-json\/wp\/v2\/users\/4"}],"replies":[{"embeddable":true,"href":"https:\/\/lahora.mx\/index.php\/wp-json\/wp\/v2\/comments?post=62408"}],"version-history":[{"count":1,"href":"https:\/\/lahora.mx\/index.php\/wp-json\/wp\/v2\/posts\/62408\/revisions"}],"predecessor-version":[{"id":62410,"href":"https:\/\/lahora.mx\/index.php\/wp-json\/wp\/v2\/posts\/62408\/revisions\/62410"}],"wp:featuredmedia":[{"embeddable":true,"href":"https:\/\/lahora.mx\/index.php\/wp-json\/wp\/v2\/media\/62409"}],"wp:attachment":[{"href":"https:\/\/lahora.mx\/index.php\/wp-json\/wp\/v2\/media?parent=62408"}],"wp:term":[{"taxonomy":"category","embeddable":true,"href":"https:\/\/lahora.mx\/index.php\/wp-json\/wp\/v2\/categories?post=62408"},{"taxonomy":"post_tag","embeddable":true,"href":"https:\/\/lahora.mx\/index.php\/wp-json\/wp\/v2\/tags?post=62408"}],"curies":[{"name":"wp","href":"https:\/\/api.w.org\/{rel}","templated":true}]}}