{"id":62364,"date":"2025-05-15T18:55:58","date_gmt":"2025-05-15T18:55:58","guid":{"rendered":"https:\/\/lahora.mx\/?p=62364"},"modified":"2025-05-15T18:55:58","modified_gmt":"2025-05-15T18:55:58","slug":"nueva-escuela-mexicana-caminar-juntos-hacia-una-educacion-mas-inclusiva-y-equitativa","status":"publish","type":"post","link":"https:\/\/lahora.mx\/index.php\/2025\/05\/15\/nueva-escuela-mexicana-caminar-juntos-hacia-una-educacion-mas-inclusiva-y-equitativa\/","title":{"rendered":"Nueva escuela mexicana, caminar juntos hacia una educaci\u00f3n m\u00e1s inclusiva y equitativa"},"content":{"rendered":"\n<p>Con la reconstrucci\u00f3n del CAPCEE se apoyar\u00e1 m\u00e1s a las escuelas, con la auditor\u00eda del ISSSTEP se atender\u00e1 con dignidad a los maestros y con el Programa de Obra Comunitaria se apoyar\u00e1 con paneles solares a las instituciones educativas, afirm\u00f3 el gobernador Alejandro Armenta, al entregar la Condecoraci\u00f3n \u00abMaestro Manuel Altamirano por 30 a\u00f1os de servicio y el premio \u00abMaestro Rafael Ram\u00edrez\u00bb, por 40 a\u00f1os de trabajo a profesores del estado.<\/p>\n\n\n\n<p>Durante su mensaje, Alejandro Armenta afirm\u00f3 que nunca m\u00e1s habr\u00e1 un gobierno donde un maestro por tener una militancia diferente lo tengan que enviar a la sierra. \u00abNunca m\u00e1s un modelo educativo que reprima a las y los maestros y que los se\u00f1ale\u00bb, puntualiz\u00f3 el gobernador, al tiempo de asegurar que comparte sus demandas, y entiende las limitaciones que viven las y los alumnos que viven en las regiones m\u00e1s complejas y apartadas del estado. Record\u00f3 que cuando estudiaba en la primaria Sim\u00f3n Bol\u00edvar era una tragedia ir al ba\u00f1o, por ello hoy se trabaja en la construcci\u00f3n de ba\u00f1os en todas las escuelas de la entidad.<\/p>\n\n\n\n<p>En el marco del D\u00eda del Maestro, donde hoy m\u00e1s que nunca la educaci\u00f3n es un saber inclusivo transformador, el gobernador detall\u00f3 que transforman las demandas sociales en acciones concretas que no son demagogia, ya que debe haber congruencia, y afirm\u00f3 que todo lo que hacen en el Gobierno del Estado busca la felicidad, el bienestar y mejorar la calidad de vida de miles de maestros que tienen la misi\u00f3n de la educaci\u00f3n de la ni\u00f1ez poblana.<\/p>\n\n\n\n<p>En este contexto, en un momento emotivo y solidario, el gobernador Alejandro Armenta encabez\u00f3 un minuto de aplausos para los nueve maestros que perdieron la vida en el accidente que se registr\u00f3 este mi\u00e9rcoles en la autopista Cuacnopalan-Oaxaca.<\/p>\n\n\n\n<p>En su mensaje, el secretario de Educaci\u00f3n P\u00fablica, Manuel Viveros Narciso, dijo que este d\u00eda se honra la trayectoria y el compromiso de quienes han dedicado su vida de ense\u00f1ar y han dejado huella imborrable en generaciones de estudiantes.<\/p>\n\n\n\n<p>El titular de Educaci\u00f3n afirm\u00f3 que con la misi\u00f3n transformadora de la presidenta de M\u00e9xico, Claudia Sheinbaum y el liderazgo del gobernador Alejandro Armenta, reconocen que la educaci\u00f3n es un pilar del progreso y la justicia social. \u00abLa nueva escuela mexicana nos convoca a caminar juntos hacia una educaci\u00f3n m\u00e1s inclusiva y equitativa y que responda a las necesidades de los pueblos originarios. Asumimos la transformaci\u00f3n con el enfoque de interculturalidad y promoviendo la bio\u00e9tica social\u00bb, puntualiz\u00f3.<\/p>\n\n\n\n<p>Asimismo, el secretario general del Sindicato Nacional de Trabajadores de la Educaci\u00f3n (SNTE) Secci\u00f3n 51, Alfredo G\u00f3mez Palacios, consider\u00f3 que este d\u00eda celebran a quienes abrazaron a la educaci\u00f3n como una misi\u00f3n de vida y decidieron sembrar conocimiento y esperanza. El secretario reconoci\u00f3 la cercan\u00eda y voluntad del gobernador Alejandro Armenta, al hacer justicia y promover la auditor\u00eda al ISSSTEP, una demanda hist\u00f3rica del magisterio, lo que representa el compromiso del mandatario estatal con las y los docentes.<\/p>\n\n\n\n<p>En tanto, el secretario general del Sindicato Nacional de Trabajadores de la Educaci\u00f3n (SNTE) Secci\u00f3n 23, Jos\u00e9 Luis Gonz\u00e1lez Morales, apunt\u00f3 que est\u00e1 fecha simboliza un homenaje para las y los maestros que con su entrega y compromiso construyen el futuro del pa\u00eds, ya que ser docente no es una profesi\u00f3n, se trata de un privilegio y vocaci\u00f3n. Reiter\u00f3 su compromiso a la educaci\u00f3n inclusiva y transformadora, a la igualdad en el ejercicio de derechos y oportunidades para una sociedad m\u00e1s justa, y para un gremio m\u00e1s s\u00f3lido.<\/p>\n\n\n\n<p>Finalmente, la secretaria general del Movimiento Alternativo Sindical, Luc\u00eda Jovita P\u00e9rez L\u00f3pez, reconoci\u00f3 la cercan\u00eda del gobernador Alejandro Armenta con los docentes, ya que representa un ejemplo para la sociedad y ratific\u00f3 el compromiso de seguir trabajando a favor de una educaci\u00f3n de calidad.<\/p>\n","protected":false},"excerpt":{"rendered":"<p>Con la reconstrucci\u00f3n del CAPCEE se apoyar\u00e1 m\u00e1s a las escuelas, con la auditor\u00eda del ISSSTEP se atender\u00e1 con dignidad a los maestros y con el Programa de Obra Comunitaria se apoyar\u00e1 con paneles solares a las instituciones educativas, afirm\u00f3 el gobernador Alejandro Armenta, al entregar la Condecoraci\u00f3n \u00abMaestro Manuel Altamirano por 30 a\u00f1os de [&hellip;]<\/p>\n","protected":false},"author":4,"featured_media":62365,"comment_status":"open","ping_status":"open","sticky":false,"template":"","format":"standard","meta":{"om_disable_all_campaigns":false,"_monsterinsights_skip_tracking":false,"_monsterinsights_sitenote_active":false,"_monsterinsights_sitenote_note":"","_monsterinsights_sitenote_category":0,"footnotes":""},"categories":[175],"tags":[239,195,223],"class_list":["post-62364","post","type-post","status-publish","format-standard","has-post-thumbnail","hentry","category-local","tag-gobierno","tag-principal","tag-puebla"],"amp_enabled":true,"_links":{"self":[{"href":"https:\/\/lahora.mx\/index.php\/wp-json\/wp\/v2\/posts\/62364","targetHints":{"allow":["GET"]}}],"collection":[{"href":"https:\/\/lahora.mx\/index.php\/wp-json\/wp\/v2\/posts"}],"about":[{"href":"https:\/\/lahora.mx\/index.php\/wp-json\/wp\/v2\/types\/post"}],"author":[{"embeddable":true,"href":"https:\/\/lahora.mx\/index.php\/wp-json\/wp\/v2\/users\/4"}],"replies":[{"embeddable":true,"href":"https:\/\/lahora.mx\/index.php\/wp-json\/wp\/v2\/comments?post=62364"}],"version-history":[{"count":1,"href":"https:\/\/lahora.mx\/index.php\/wp-json\/wp\/v2\/posts\/62364\/revisions"}],"predecessor-version":[{"id":62366,"href":"https:\/\/lahora.mx\/index.php\/wp-json\/wp\/v2\/posts\/62364\/revisions\/62366"}],"wp:featuredmedia":[{"embeddable":true,"href":"https:\/\/lahora.mx\/index.php\/wp-json\/wp\/v2\/media\/62365"}],"wp:attachment":[{"href":"https:\/\/lahora.mx\/index.php\/wp-json\/wp\/v2\/media?parent=62364"}],"wp:term":[{"taxonomy":"category","embeddable":true,"href":"https:\/\/lahora.mx\/index.php\/wp-json\/wp\/v2\/categories?post=62364"},{"taxonomy":"post_tag","embeddable":true,"href":"https:\/\/lahora.mx\/index.php\/wp-json\/wp\/v2\/tags?post=62364"}],"curies":[{"name":"wp","href":"https:\/\/api.w.org\/{rel}","templated":true}]}}