{"id":62333,"date":"2025-05-15T00:23:36","date_gmt":"2025-05-15T00:23:36","guid":{"rendered":"https:\/\/lahora.mx\/?p=62333"},"modified":"2025-05-15T00:23:36","modified_gmt":"2025-05-15T00:23:36","slug":"suman-21-los-muertos-por-choque-de-pipa-y-urvan-en-la-cuacnopalan-oaxaca","status":"publish","type":"post","link":"https:\/\/lahora.mx\/index.php\/2025\/05\/15\/suman-21-los-muertos-por-choque-de-pipa-y-urvan-en-la-cuacnopalan-oaxaca\/","title":{"rendered":"Suman 21 los muertos por choque de pipa y Urvan en la Cuacnopalan- Oaxaca"},"content":{"rendered":"\n<p>A 21 se elev\u00f3 el n\u00famero de muertos tras el accidente ocurrido este mi\u00e9rcoles en el kil\u00f3metro 29 de la carretera Cuacnopalan- Oaxaca, dieron a conocer fuentes policiales.<\/p>\n\n\n\n<p>El secretario de Gobernaci\u00f3n, Samuel Aguilar Pala, confirm\u00f3 en sus redes sociales que el saldo preliminar fue de 18 personas fallecidas en el lugar y 3 m\u00e1s que perdieron la vida en un hospital. En tanto que varias personas resultaron lesionadas y est\u00e1n recibiendo atenci\u00f3n m\u00e9dica.<\/p>\n\n\n\n<p>Choque entre una pipa y una camioneta tipo Urban sobre la carretera Cuacnopqlan-Oaxaca dej\u00f3 varios muertos<br>El percance r\u00e1pidamente alert\u00f3 a automovilistas y vecinos de la zona por la columna de humo que se gener\u00f3<br>Los cuerpos sin vida, se tiene previsto, ser\u00e1n trasladados hacia el Servicio M\u00e9dico Forense (Semefo) de la ciudad de Puebla, donde se les practicar\u00e1 la necropsia de ley.<\/p>\n\n\n\n<p>Hasta ahora, las v\u00edctimas permanecen en calidad de desconocidas. Sin embargo, trascendi\u00f3 que el presunto responsable del accidente y su acompa\u00f1ante, murieron calcinados durante la colisi\u00f3n.<\/p>\n\n\n\n<p>Fue la ma\u00f1ana de este 14 de mayo, cuando presuntamente, el conductor de una pipa intent\u00f3 rebasar a las unidades en su paso.<\/p>\n\n\n\n<p>El hombre primero choc\u00f3 contra un autob\u00fas de pasajeros de la empresa AU y despu\u00e9s se impact\u00f3 contra una camioneta Van en donde viajaban la mayor\u00eda de los fallecidos.<br>Termina volcadura de autob\u00fas en la federal Iz\u00facar\u2013Tehuitzingo con dos muertos y 15 lesionados<br>Se dio a conocer la lista de quienes fueron trasladadas a hospitales de Iz\u00facar, Acatl\u00e1n y Tecomatl\u00e1n<br>La pipa volc\u00f3 hacia una barranca de aproximadamente 20 metros de profundidad, de tal manera que explot\u00f3 y gener\u00f3 una densa columna de humo negro que r\u00e1pidamente alert\u00f3 a conductores y vecinos de la zona.<\/p>\n\n\n\n<p>Cuerpos de auxilio y policiales, hasta la tarde de este mi\u00e9rcoles, continuaban en el lugar realizando diversas labores. Hasta ahora solo se sabe que la unidad en la que iban gran parte de los occisos, sali\u00f3 de Tehuac\u00e1n con direcci\u00f3n a la ciudad de Puebla.<\/p>\n","protected":false},"excerpt":{"rendered":"<p>A 21 se elev\u00f3 el n\u00famero de muertos tras el accidente ocurrido este mi\u00e9rcoles en el kil\u00f3metro 29 de la carretera Cuacnopalan- Oaxaca, dieron a conocer fuentes policiales. El secretario de Gobernaci\u00f3n, Samuel Aguilar Pala, confirm\u00f3 en sus redes sociales que el saldo preliminar fue de 18 personas fallecidas en el lugar y 3 m\u00e1s [&hellip;]<\/p>\n","protected":false},"author":4,"featured_media":62334,"comment_status":"open","ping_status":"open","sticky":false,"template":"","format":"standard","meta":{"om_disable_all_campaigns":false,"_monsterinsights_skip_tracking":false,"_monsterinsights_sitenote_active":false,"_monsterinsights_sitenote_note":"","_monsterinsights_sitenote_category":0,"footnotes":""},"categories":[176],"tags":[195,223],"class_list":["post-62333","post","type-post","status-publish","format-standard","has-post-thumbnail","hentry","category-nacional","tag-principal","tag-puebla"],"amp_enabled":true,"_links":{"self":[{"href":"https:\/\/lahora.mx\/index.php\/wp-json\/wp\/v2\/posts\/62333","targetHints":{"allow":["GET"]}}],"collection":[{"href":"https:\/\/lahora.mx\/index.php\/wp-json\/wp\/v2\/posts"}],"about":[{"href":"https:\/\/lahora.mx\/index.php\/wp-json\/wp\/v2\/types\/post"}],"author":[{"embeddable":true,"href":"https:\/\/lahora.mx\/index.php\/wp-json\/wp\/v2\/users\/4"}],"replies":[{"embeddable":true,"href":"https:\/\/lahora.mx\/index.php\/wp-json\/wp\/v2\/comments?post=62333"}],"version-history":[{"count":1,"href":"https:\/\/lahora.mx\/index.php\/wp-json\/wp\/v2\/posts\/62333\/revisions"}],"predecessor-version":[{"id":62335,"href":"https:\/\/lahora.mx\/index.php\/wp-json\/wp\/v2\/posts\/62333\/revisions\/62335"}],"wp:featuredmedia":[{"embeddable":true,"href":"https:\/\/lahora.mx\/index.php\/wp-json\/wp\/v2\/media\/62334"}],"wp:attachment":[{"href":"https:\/\/lahora.mx\/index.php\/wp-json\/wp\/v2\/media?parent=62333"}],"wp:term":[{"taxonomy":"category","embeddable":true,"href":"https:\/\/lahora.mx\/index.php\/wp-json\/wp\/v2\/categories?post=62333"},{"taxonomy":"post_tag","embeddable":true,"href":"https:\/\/lahora.mx\/index.php\/wp-json\/wp\/v2\/tags?post=62333"}],"curies":[{"name":"wp","href":"https:\/\/api.w.org\/{rel}","templated":true}]}}