{"id":6233,"date":"2022-04-29T00:52:19","date_gmt":"2022-04-29T00:52:19","guid":{"rendered":"http:\/\/lahora.mx\/?p=6233"},"modified":"2022-04-29T00:52:19","modified_gmt":"2022-04-29T00:52:19","slug":"ya-podras-abrir-whatsapp-en-2-dispositivos","status":"publish","type":"post","link":"https:\/\/lahora.mx\/index.php\/2022\/04\/29\/ya-podras-abrir-whatsapp-en-2-dispositivos\/","title":{"rendered":"Ya podr\u00e1s abrir WhatsApp en 2 dispositivos"},"content":{"rendered":"\n<p><strong>WhatsApp est\u00e1 desarrollando una nueva funcionalidad para Android&nbsp;<\/strong>que permite abrir la aplicaci\u00f3n de mensajer\u00eda instant\u00e1nea con el mismo n\u00famero de tel\u00e9fono o usuario en dos terminales m\u00f3viles de forma simult\u00e1nea.<\/p>\n\n\n\n<p>Actualmente, WhatsApp permite vincular la aplicaci\u00f3n del &#8216;smartphone&#8217; con otros dispositivos, como un ordenador o una tableta, con su versi\u00f3n web mediante la opci\u00f3n&nbsp;<strong>&#8216;Dispositivos vinculados&#8217;.<\/strong><\/p>\n\n\n\n<p>Los usuarios pueden usar hasta cuatro dispositivos vinculados y un tel\u00e9fono a la vez, y el tel\u00e9fono no tiene que permanecer en l\u00ednea para usar WhatsApp en estos equipos. Sin embargo, en caso de que&nbsp;<strong>pasen m\u00e1s de 14 d\u00edas y no se haya utilizado el smartphone,<\/strong>&nbsp;se desconectar\u00e1n los dispositivos vinculados, seg\u00fan expone la compa\u00f1\u00eda en su p\u00e1gina web.<\/p>\n\n\n\n<p>Recientemente WABetaInfo ha advertido un cambio relacionado con el modo que tiene el usuario para vincular una cuenta con otros aparatos tecnol\u00f3gicos en la nueva versi\u00f3n 2.22.10.13 lanzada a trav\u00e9s del&nbsp;<strong>programa beta de Google Play&nbsp;<\/strong>en la que trabaja actualmente la compa\u00f1\u00eda.<\/p>\n\n\n\n<p>En una captura compartida por este portal se incluye una nueva secci\u00f3n denominada &#8216;Registrar dispositivo como complemento&#8217;, que aparecer\u00e1 en el momento en que el usuario intente abrir la aplicaci\u00f3n en un segundo celular.<\/p>\n\n\n\n<p>Para poder vincular la aplicaci\u00f3n en ambos ser\u00e1 necesario&nbsp;<strong>escanear con el segundo m\u00f3vil el c\u00f3digo QR que se muestre en la pantalla del dispositivo principal.<\/strong>&nbsp;Tal y como ha subrayado WABetaInfo, gracias a esta funci\u00f3n tambi\u00e9n se podr\u00e1 vincular una tableta con sistema operativo Android como dispositivo secundario en el futuro.<\/p>\n\n\n\n<p>Por el momento&nbsp;<strong>se desconoce la fecha de lanzamiento<\/strong>&nbsp;de esta nueva caracter\u00edstica y tampoco se sabe si llegar\u00e1 a implementarse en dispositivos con sistema operativo iOS.<\/p>\n","protected":false},"excerpt":{"rendered":"<p>WhatsApp est\u00e1 desarrollando una nueva funcionalidad para Android&nbsp;que permite abrir la aplicaci\u00f3n de mensajer\u00eda instant\u00e1nea con el mismo n\u00famero de tel\u00e9fono o usuario en dos terminales m\u00f3viles de forma simult\u00e1nea. Actualmente, WhatsApp permite vincular la aplicaci\u00f3n del &#8216;smartphone&#8217; con otros dispositivos, como un ordenador o una tableta, con su versi\u00f3n web mediante la opci\u00f3n&nbsp;&#8216;Dispositivos vinculados&#8217;. [&hellip;]<\/p>\n","protected":false},"author":4,"featured_media":6234,"comment_status":"open","ping_status":"open","sticky":false,"template":"","format":"standard","meta":{"om_disable_all_campaigns":false,"_monsterinsights_skip_tracking":false,"_monsterinsights_sitenote_active":false,"_monsterinsights_sitenote_note":"","_monsterinsights_sitenote_category":0,"footnotes":""},"categories":[7],"tags":[195],"class_list":["post-6233","post","type-post","status-publish","format-standard","has-post-thumbnail","hentry","category-geek","tag-principal"],"amp_enabled":true,"_links":{"self":[{"href":"https:\/\/lahora.mx\/index.php\/wp-json\/wp\/v2\/posts\/6233","targetHints":{"allow":["GET"]}}],"collection":[{"href":"https:\/\/lahora.mx\/index.php\/wp-json\/wp\/v2\/posts"}],"about":[{"href":"https:\/\/lahora.mx\/index.php\/wp-json\/wp\/v2\/types\/post"}],"author":[{"embeddable":true,"href":"https:\/\/lahora.mx\/index.php\/wp-json\/wp\/v2\/users\/4"}],"replies":[{"embeddable":true,"href":"https:\/\/lahora.mx\/index.php\/wp-json\/wp\/v2\/comments?post=6233"}],"version-history":[{"count":1,"href":"https:\/\/lahora.mx\/index.php\/wp-json\/wp\/v2\/posts\/6233\/revisions"}],"predecessor-version":[{"id":6235,"href":"https:\/\/lahora.mx\/index.php\/wp-json\/wp\/v2\/posts\/6233\/revisions\/6235"}],"wp:featuredmedia":[{"embeddable":true,"href":"https:\/\/lahora.mx\/index.php\/wp-json\/wp\/v2\/media\/6234"}],"wp:attachment":[{"href":"https:\/\/lahora.mx\/index.php\/wp-json\/wp\/v2\/media?parent=6233"}],"wp:term":[{"taxonomy":"category","embeddable":true,"href":"https:\/\/lahora.mx\/index.php\/wp-json\/wp\/v2\/categories?post=6233"},{"taxonomy":"post_tag","embeddable":true,"href":"https:\/\/lahora.mx\/index.php\/wp-json\/wp\/v2\/tags?post=6233"}],"curies":[{"name":"wp","href":"https:\/\/api.w.org\/{rel}","templated":true}]}}