{"id":62312,"date":"2025-05-14T20:45:23","date_gmt":"2025-05-14T20:45:23","guid":{"rendered":"https:\/\/lahora.mx\/?p=62312"},"modified":"2025-05-14T20:45:23","modified_gmt":"2025-05-14T20:45:23","slug":"detienen-a-lambertina-galeana-marin-expresidenta-del-tsj-de-guerrero-que-es-vinculada-con-el-caso-ayotzinapa","status":"publish","type":"post","link":"https:\/\/lahora.mx\/index.php\/2025\/05\/14\/detienen-a-lambertina-galeana-marin-expresidenta-del-tsj-de-guerrero-que-es-vinculada-con-el-caso-ayotzinapa\/","title":{"rendered":"Detienen a Lambertina Galeana Mar\u00edn, expresidenta del TSJ de Guerrero que es vinculada con el caso Ayotzinapa"},"content":{"rendered":"\n<p>Por su presunta implicaci\u00f3n en el caso Ayotzinapa, Lambertina Galeana Mar\u00edn, expresidenta del Tribunal Superior de Justicia (TSJ) de Guerrero, fue detenida este mi\u00e9rcoles por agentes de la Fiscal\u00eda General de la Rep\u00fablica (FGR), en la ciudad de Chilpancingo.<\/p>\n\n\n\n<p>De acuerdo con el Registro Nacional de Detenciones, la extitular del Poder Judicial de Guerrero fue aprehendida en la ma\u00f1ana en la colonia Ruffo Figueroa de la capital guerrense, y posteriormente fue trasladada a la sede de la Polic\u00eda Federal Ministerial en Guerrero, para su certificaci\u00f3n m\u00e9dica y posterior ingreso a un penal.<\/p>\n\n\n\n<p>En el Registro, se le describe como una \u201cmujer de la tercera edad, tez morena, complexi\u00f3n delgada, cabello entrecano con tinte casta\u00f1o\u201d.<\/p>\n\n\n\n<p>Al momento de su captura, vest\u00eda pantal\u00f3n de color negro y blusa de manga larga floreada.<\/p>\n\n\n\n<p>Galeana Mar\u00edn es acusada del extrav\u00edo de los videos de las c\u00e1maras del C4, en los cuales quedaron registradas las acciones de la Polic\u00eda Municipal y de integrantes del grupo criminal de Guerreros Unidos contra los normalistas de Ayotzinapa, la noche del 26 y madrugada del 27 de septiembre de 2014<\/p>\n\n\n\n<p>Los familiares de los normalistas se\u00f1alaron a Galeana Mar\u00edn de esconder las evidencias de lo ocurrido esa noche.<\/p>\n","protected":false},"excerpt":{"rendered":"<p>Por su presunta implicaci\u00f3n en el caso Ayotzinapa, Lambertina Galeana Mar\u00edn, expresidenta del Tribunal Superior de Justicia (TSJ) de Guerrero, fue detenida este mi\u00e9rcoles por agentes de la Fiscal\u00eda General de la Rep\u00fablica (FGR), en la ciudad de Chilpancingo. De acuerdo con el Registro Nacional de Detenciones, la extitular del Poder Judicial de Guerrero fue [&hellip;]<\/p>\n","protected":false},"author":4,"featured_media":62313,"comment_status":"open","ping_status":"open","sticky":false,"template":"","format":"standard","meta":{"om_disable_all_campaigns":false,"_monsterinsights_skip_tracking":false,"_monsterinsights_sitenote_active":false,"_monsterinsights_sitenote_note":"","_monsterinsights_sitenote_category":0,"footnotes":""},"categories":[176,226],"tags":[195],"class_list":["post-62312","post","type-post","status-publish","format-standard","has-post-thumbnail","hentry","category-nacional","category-policia","tag-principal"],"amp_enabled":true,"_links":{"self":[{"href":"https:\/\/lahora.mx\/index.php\/wp-json\/wp\/v2\/posts\/62312","targetHints":{"allow":["GET"]}}],"collection":[{"href":"https:\/\/lahora.mx\/index.php\/wp-json\/wp\/v2\/posts"}],"about":[{"href":"https:\/\/lahora.mx\/index.php\/wp-json\/wp\/v2\/types\/post"}],"author":[{"embeddable":true,"href":"https:\/\/lahora.mx\/index.php\/wp-json\/wp\/v2\/users\/4"}],"replies":[{"embeddable":true,"href":"https:\/\/lahora.mx\/index.php\/wp-json\/wp\/v2\/comments?post=62312"}],"version-history":[{"count":1,"href":"https:\/\/lahora.mx\/index.php\/wp-json\/wp\/v2\/posts\/62312\/revisions"}],"predecessor-version":[{"id":62314,"href":"https:\/\/lahora.mx\/index.php\/wp-json\/wp\/v2\/posts\/62312\/revisions\/62314"}],"wp:featuredmedia":[{"embeddable":true,"href":"https:\/\/lahora.mx\/index.php\/wp-json\/wp\/v2\/media\/62313"}],"wp:attachment":[{"href":"https:\/\/lahora.mx\/index.php\/wp-json\/wp\/v2\/media?parent=62312"}],"wp:term":[{"taxonomy":"category","embeddable":true,"href":"https:\/\/lahora.mx\/index.php\/wp-json\/wp\/v2\/categories?post=62312"},{"taxonomy":"post_tag","embeddable":true,"href":"https:\/\/lahora.mx\/index.php\/wp-json\/wp\/v2\/tags?post=62312"}],"curies":[{"name":"wp","href":"https:\/\/api.w.org\/{rel}","templated":true}]}}