{"id":62303,"date":"2025-05-14T20:35:44","date_gmt":"2025-05-14T20:35:44","guid":{"rendered":"https:\/\/lahora.mx\/?p=62303"},"modified":"2025-05-14T20:35:44","modified_gmt":"2025-05-14T20:35:44","slug":"ocho-muertos-y-22-lesionados-tras-accidente-en-la-cuacnopalan-oaxaca","status":"publish","type":"post","link":"https:\/\/lahora.mx\/index.php\/2025\/05\/14\/ocho-muertos-y-22-lesionados-tras-accidente-en-la-cuacnopalan-oaxaca\/","title":{"rendered":"Ocho muertos y 22 lesionados tras accidente en la Cuacnopalan-Oaxaca"},"content":{"rendered":"\n<p>La ma\u00f1ana de este martes, se registr\u00f3 un aparatoso accidente en la supercarretera Cuacnopalan-Oaxaca, a la altura del kil\u00f3metro 28, pasando las v\u00edas del tren de Santiago Miahuatl\u00e1n; el percance involucr\u00f3 un tr\u00e1iler, una camioneta de turismo tipo Sprinter y un autob\u00fas de la l\u00ednea AU.<\/p>\n\n\n\n<p>El tr\u00e1iler cay\u00f3 a un barranco y se incendi\u00f3, mientras que la camioneta Sprinter se parti\u00f3 en dos debido al impacto.<\/p>\n\n\n\n<p>Preliminarmente, se habla de al menos ocho personas fallecidas y 22 m\u00e1s lesionadas.<\/p>\n\n\n\n<p>Al lugar acudieron equipos de emergencia de CAPUFE, la Cruz Roja y el grupo \u00c1ngeles de Vida. Algunos de los heridos fueron trasladados a la cl\u00ednica Sagrado Coraz\u00f3n de Jes\u00fas, en Tehuac\u00e1n, para recibir atenci\u00f3n m\u00e9dica.<\/p>\n\n\n\n<p>Hasta el momento, se desconoce la identidad de cada una de las v\u00edctimas.<\/p>\n","protected":false},"excerpt":{"rendered":"<p>La ma\u00f1ana de este martes, se registr\u00f3 un aparatoso accidente en la supercarretera Cuacnopalan-Oaxaca, a la altura del kil\u00f3metro 28, pasando las v\u00edas del tren de Santiago Miahuatl\u00e1n; el percance involucr\u00f3 un tr\u00e1iler, una camioneta de turismo tipo Sprinter y un autob\u00fas de la l\u00ednea AU. El tr\u00e1iler cay\u00f3 a un barranco y se incendi\u00f3, [&hellip;]<\/p>\n","protected":false},"author":4,"featured_media":62304,"comment_status":"open","ping_status":"open","sticky":false,"template":"","format":"standard","meta":{"om_disable_all_campaigns":false,"_monsterinsights_skip_tracking":false,"_monsterinsights_sitenote_active":false,"_monsterinsights_sitenote_note":"","_monsterinsights_sitenote_category":0,"footnotes":""},"categories":[175],"tags":[223],"class_list":["post-62303","post","type-post","status-publish","format-standard","has-post-thumbnail","hentry","category-local","tag-puebla"],"amp_enabled":true,"_links":{"self":[{"href":"https:\/\/lahora.mx\/index.php\/wp-json\/wp\/v2\/posts\/62303","targetHints":{"allow":["GET"]}}],"collection":[{"href":"https:\/\/lahora.mx\/index.php\/wp-json\/wp\/v2\/posts"}],"about":[{"href":"https:\/\/lahora.mx\/index.php\/wp-json\/wp\/v2\/types\/post"}],"author":[{"embeddable":true,"href":"https:\/\/lahora.mx\/index.php\/wp-json\/wp\/v2\/users\/4"}],"replies":[{"embeddable":true,"href":"https:\/\/lahora.mx\/index.php\/wp-json\/wp\/v2\/comments?post=62303"}],"version-history":[{"count":1,"href":"https:\/\/lahora.mx\/index.php\/wp-json\/wp\/v2\/posts\/62303\/revisions"}],"predecessor-version":[{"id":62305,"href":"https:\/\/lahora.mx\/index.php\/wp-json\/wp\/v2\/posts\/62303\/revisions\/62305"}],"wp:featuredmedia":[{"embeddable":true,"href":"https:\/\/lahora.mx\/index.php\/wp-json\/wp\/v2\/media\/62304"}],"wp:attachment":[{"href":"https:\/\/lahora.mx\/index.php\/wp-json\/wp\/v2\/media?parent=62303"}],"wp:term":[{"taxonomy":"category","embeddable":true,"href":"https:\/\/lahora.mx\/index.php\/wp-json\/wp\/v2\/categories?post=62303"},{"taxonomy":"post_tag","embeddable":true,"href":"https:\/\/lahora.mx\/index.php\/wp-json\/wp\/v2\/tags?post=62303"}],"curies":[{"name":"wp","href":"https:\/\/api.w.org\/{rel}","templated":true}]}}