{"id":62297,"date":"2025-05-14T17:11:52","date_gmt":"2025-05-14T17:11:52","guid":{"rendered":"https:\/\/lahora.mx\/?p=62297"},"modified":"2025-05-14T17:11:53","modified_gmt":"2025-05-14T17:11:53","slug":"por-falta-de-lluvias-baja-la-produccion-de-tetechas-en-zapotitlan","status":"publish","type":"post","link":"https:\/\/lahora.mx\/index.php\/2025\/05\/14\/por-falta-de-lluvias-baja-la-produccion-de-tetechas-en-zapotitlan\/","title":{"rendered":"Por falta de lluvias baja la producci\u00f3n de tetechas en Zapotitl\u00e1n"},"content":{"rendered":"\n<p>Debido a la baja producci\u00f3n de tetechas ocasionada por la falta de lluvias, los platillos elaborados con tetechas incrementar\u00e1n su costo; en promedio su precio rondaba los 150, y ahora alcanzar\u00e1 los 200 pesos.<\/p>\n\n\n\n<p>El Comit\u00e9 Organizador del Festival de la Tetecha 2025 de Zapotitl\u00e1n Salinas, dio a conocer que este a\u00f1o la cosecha de tetechas se redujo a un 60 por ciento, cuando en a\u00f1os anteriores alcanz\u00f3 hasta un 80 por ciento de corte, lo cual repercutir\u00e1 en el costo de los platillos que se presentar\u00e1n el pr\u00f3ximo 17 y 18 de mayo en este evento gastron\u00f3mico.<\/p>\n\n\n\n<p>A su vez informaron que en promedio los platillos que anteriormente costaban 170 pesos ahora alcanzar\u00e1n los 200 o m\u00e1s, el precio depender\u00e1 de los ingredientes que se empleen, aunque todas las preparaciones que los visitantes soliciten contar\u00e1n con tetechas.<\/p>\n\n\n\n<p>El comit\u00e9 tambi\u00e9n expres\u00f3 que se elaborar\u00e1n m\u00e1s de 100 platillos con tetechas y diferentes carnes y verduras, seg\u00fan el gusto del comensal; tambi\u00e9n solicitan insectos como el cocopache y cucham\u00e1.<\/p>\n\n\n\n<p>Los coordinadores del evento finalizaron declarando que la mayor\u00eda de los expositores del Festival de la Tetecha en Zapotitl\u00e1n son cocineros tradicionales, aunque tambi\u00e9n se contar\u00e1 con la venta de mezcal y pulque de diferentes productores, as\u00ed como artesanos y vendedores de productos medicinales.<\/p>\n","protected":false},"excerpt":{"rendered":"<p>Debido a la baja producci\u00f3n de tetechas ocasionada por la falta de lluvias, los platillos elaborados con tetechas incrementar\u00e1n su costo; en promedio su precio rondaba los 150, y ahora alcanzar\u00e1 los 200 pesos. El Comit\u00e9 Organizador del Festival de la Tetecha 2025 de Zapotitl\u00e1n Salinas, dio a conocer que este a\u00f1o la cosecha de [&hellip;]<\/p>\n","protected":false},"author":4,"featured_media":62298,"comment_status":"open","ping_status":"open","sticky":false,"template":"","format":"standard","meta":{"om_disable_all_campaigns":false,"_monsterinsights_skip_tracking":false,"_monsterinsights_sitenote_active":false,"_monsterinsights_sitenote_note":"","_monsterinsights_sitenote_category":0,"footnotes":""},"categories":[175],"tags":[223],"class_list":["post-62297","post","type-post","status-publish","format-standard","has-post-thumbnail","hentry","category-local","tag-puebla"],"amp_enabled":true,"_links":{"self":[{"href":"https:\/\/lahora.mx\/index.php\/wp-json\/wp\/v2\/posts\/62297","targetHints":{"allow":["GET"]}}],"collection":[{"href":"https:\/\/lahora.mx\/index.php\/wp-json\/wp\/v2\/posts"}],"about":[{"href":"https:\/\/lahora.mx\/index.php\/wp-json\/wp\/v2\/types\/post"}],"author":[{"embeddable":true,"href":"https:\/\/lahora.mx\/index.php\/wp-json\/wp\/v2\/users\/4"}],"replies":[{"embeddable":true,"href":"https:\/\/lahora.mx\/index.php\/wp-json\/wp\/v2\/comments?post=62297"}],"version-history":[{"count":1,"href":"https:\/\/lahora.mx\/index.php\/wp-json\/wp\/v2\/posts\/62297\/revisions"}],"predecessor-version":[{"id":62299,"href":"https:\/\/lahora.mx\/index.php\/wp-json\/wp\/v2\/posts\/62297\/revisions\/62299"}],"wp:featuredmedia":[{"embeddable":true,"href":"https:\/\/lahora.mx\/index.php\/wp-json\/wp\/v2\/media\/62298"}],"wp:attachment":[{"href":"https:\/\/lahora.mx\/index.php\/wp-json\/wp\/v2\/media?parent=62297"}],"wp:term":[{"taxonomy":"category","embeddable":true,"href":"https:\/\/lahora.mx\/index.php\/wp-json\/wp\/v2\/categories?post=62297"},{"taxonomy":"post_tag","embeddable":true,"href":"https:\/\/lahora.mx\/index.php\/wp-json\/wp\/v2\/tags?post=62297"}],"curies":[{"name":"wp","href":"https:\/\/api.w.org\/{rel}","templated":true}]}}