{"id":62291,"date":"2025-05-14T16:18:11","date_gmt":"2025-05-14T16:18:11","guid":{"rendered":"https:\/\/lahora.mx\/?p=62291"},"modified":"2025-05-14T16:18:11","modified_gmt":"2025-05-14T16:18:11","slug":"ejecutan-a-el-papas-tras-irse-a-echar-unas-cervezas-en-la-margarita","status":"publish","type":"post","link":"https:\/\/lahora.mx\/index.php\/2025\/05\/14\/ejecutan-a-el-papas-tras-irse-a-echar-unas-cervezas-en-la-margarita\/","title":{"rendered":"Ejecutan a El Papas tras irse a echar unas cervezas en La Margarita"},"content":{"rendered":"\n<p>De varios disparos, ejecutaron a \u201cEl Papas\u201d en la Unidad Habitacional La Margarita. Presuntamente, el hombre conoc\u00eda a su agresor, pues, al parecer, lo vieron ingiriendo bebidas alcoh\u00f3licas con \u00e9l.<\/p>\n\n\n\n<p>La madrugada de este mi\u00e9rcoles, un hombre de 45 a\u00f1os, identificado como Ra\u00fal N., apodado \u201cEl Papas\u201d, fue asesinado de varios disparos en la Unidad Habitacional La Margarita.<\/p>\n\n\n\n<p>De acuerdo con los primeros reportes, el sujeto le inform\u00f3 a su padre que saldr\u00eda a tomar algunas cervezas con unos amigos, por lo que, desde ese momento, su pap\u00e1 dej\u00f3 de tener comunicaci\u00f3n con \u00e9l.<\/p>\n\n\n\n<p>Horas m\u00e1s tarde, una persona acudi\u00f3 al domicilio donde viv\u00eda Ra\u00fal y le inform\u00f3 a su padre que le hab\u00edan disparado. No obstante, cuando polic\u00edas y param\u00e9dicos llegaron al lugar, confirmaron que el hombre ya no contaba con signos vitales.<\/p>\n\n\n\n<p>En el sitio quedaron varios casquillos percutidos, los cuales fueron recolectados por la unidad de homicidios dolosos de la Fiscal\u00eda General del Estado, al igual que el cad\u00e1ver de Ra\u00fal.<\/p>\n\n\n\n<p>Al momento, se desconoce el motivo por el cual se calentaron los \u00e1nimos entre los involucrados en la ri\u00f1a que deriv\u00f3 en el asesinato del var\u00f3n.<\/p>\n\n\n\n<p>De momento, se sabe que ninguna persona fue detenida y que la FGE ya trabaja en la respectiva carpeta de investigaci\u00f3n para aclarar lo sucedido.<\/p>\n","protected":false},"excerpt":{"rendered":"<p>De varios disparos, ejecutaron a \u201cEl Papas\u201d en la Unidad Habitacional La Margarita. Presuntamente, el hombre conoc\u00eda a su agresor, pues, al parecer, lo vieron ingiriendo bebidas alcoh\u00f3licas con \u00e9l. La madrugada de este mi\u00e9rcoles, un hombre de 45 a\u00f1os, identificado como Ra\u00fal N., apodado \u201cEl Papas\u201d, fue asesinado de varios disparos en la Unidad [&hellip;]<\/p>\n","protected":false},"author":4,"featured_media":62292,"comment_status":"open","ping_status":"open","sticky":false,"template":"","format":"standard","meta":{"om_disable_all_campaigns":false,"_monsterinsights_skip_tracking":false,"_monsterinsights_sitenote_active":false,"_monsterinsights_sitenote_note":"","_monsterinsights_sitenote_category":0,"footnotes":""},"categories":[175,226],"tags":[223],"class_list":["post-62291","post","type-post","status-publish","format-standard","has-post-thumbnail","hentry","category-local","category-policia","tag-puebla"],"amp_enabled":true,"_links":{"self":[{"href":"https:\/\/lahora.mx\/index.php\/wp-json\/wp\/v2\/posts\/62291","targetHints":{"allow":["GET"]}}],"collection":[{"href":"https:\/\/lahora.mx\/index.php\/wp-json\/wp\/v2\/posts"}],"about":[{"href":"https:\/\/lahora.mx\/index.php\/wp-json\/wp\/v2\/types\/post"}],"author":[{"embeddable":true,"href":"https:\/\/lahora.mx\/index.php\/wp-json\/wp\/v2\/users\/4"}],"replies":[{"embeddable":true,"href":"https:\/\/lahora.mx\/index.php\/wp-json\/wp\/v2\/comments?post=62291"}],"version-history":[{"count":1,"href":"https:\/\/lahora.mx\/index.php\/wp-json\/wp\/v2\/posts\/62291\/revisions"}],"predecessor-version":[{"id":62293,"href":"https:\/\/lahora.mx\/index.php\/wp-json\/wp\/v2\/posts\/62291\/revisions\/62293"}],"wp:featuredmedia":[{"embeddable":true,"href":"https:\/\/lahora.mx\/index.php\/wp-json\/wp\/v2\/media\/62292"}],"wp:attachment":[{"href":"https:\/\/lahora.mx\/index.php\/wp-json\/wp\/v2\/media?parent=62291"}],"wp:term":[{"taxonomy":"category","embeddable":true,"href":"https:\/\/lahora.mx\/index.php\/wp-json\/wp\/v2\/categories?post=62291"},{"taxonomy":"post_tag","embeddable":true,"href":"https:\/\/lahora.mx\/index.php\/wp-json\/wp\/v2\/tags?post=62291"}],"curies":[{"name":"wp","href":"https:\/\/api.w.org\/{rel}","templated":true}]}}