{"id":62288,"date":"2025-05-14T15:19:42","date_gmt":"2025-05-14T15:19:42","guid":{"rendered":"https:\/\/lahora.mx\/?p=62288"},"modified":"2025-05-14T15:19:43","modified_gmt":"2025-05-14T15:19:43","slug":"armenta-retomara-proyecto-de-parque-acuatico-cola-de-lagarto-en-puebla","status":"publish","type":"post","link":"https:\/\/lahora.mx\/index.php\/2025\/05\/14\/armenta-retomara-proyecto-de-parque-acuatico-cola-de-lagarto-en-puebla\/","title":{"rendered":"Armenta retomar\u00e1 proyecto de Parque Acu\u00e1tico Cola de Lagarto en Puebla"},"content":{"rendered":"\n<p>Luego de presentarlo como una propuesta de campa\u00f1a en el 2024, el gobierno de Alejandro Armenta Mier iniciar\u00e1 con la recuperaci\u00f3n del Parque Acu\u00e1tico Cola de Lagarto en el municipio de Atlixco y parte de Huaquechula.<\/p>\n\n\n\n<p>Lee Gobierno de Puebla rescata econom\u00eda de productores ante heladas at\u00edpicas en Chiautzingo<br>En el Plan Estatal de Desarrollo con vigencia hasta el 2030, el mandatario poblano lo posicion\u00f3 en el lugar n\u00famero ocho de las prioridades que tiene para llevar a cabo en este sexenio.<\/p>\n\n\n\n<p>La obra busca ser un impulso tur\u00edstico con un enfoque sustentable, que adem\u00e1s, incrementar el tiempo de estancia promedio de los visitantes que llegan a la entidad para vacacionar.<\/p>\n\n\n\n<p>Asimismo, pretenden resaltar en desarrollo de la zona de la Mixteca con el centro ecotur\u00edstico y que tambi\u00e9n servir\u00e1 para espect\u00e1culos, contando con \u00e1reas para conciertos, deportes acu\u00e1ticos y actividades recreativas.<\/p>\n\n\n\n<p>Esta serie de proyectos ser\u00e1n los ejes fundamentales de su administraci\u00f3n, la cual dio inicio desde el pasado 14 de diciembre, cuando desde entonces, anunci\u00f3 el Plan Estatal.<\/p>\n\n\n\n<p>Fue propuesta de campa\u00f1a al Ejecutivo<\/p>\n\n\n\n<p>En su b\u00fasqueda por llegar al Poder Ejecutivo, en mayo del 2024, Armenta Mier prometi\u00f3 retomar este la creaci\u00f3n del Parque Acu\u00e1tico, mismo que inici\u00f3 con el extinto gobernador, Luis Miguel Barbosa Huerta.<\/p>\n\n\n\n<p>Para ejecutarlo existen 300 hect\u00e1reas disponibles, sin embargo, en su momento la Secretar\u00eda de Medio Ambiente de Puebla, indic\u00f3 que se encontraba en la zona protegida de Tenzo.<\/p>\n\n\n\n<p>No obstante, Barbosa Huerta expropiar\u00eda la totalidad del terreno, dado que la zona se encontraban en litigio, luego de que en el gobierno de Rafael Moreno Valle se impulsara un desarrollo inmobiliario.<\/p>\n","protected":false},"excerpt":{"rendered":"<p>Luego de presentarlo como una propuesta de campa\u00f1a en el 2024, el gobierno de Alejandro Armenta Mier iniciar\u00e1 con la recuperaci\u00f3n del Parque Acu\u00e1tico Cola de Lagarto en el municipio de Atlixco y parte de Huaquechula. Lee Gobierno de Puebla rescata econom\u00eda de productores ante heladas at\u00edpicas en ChiautzingoEn el Plan Estatal de Desarrollo con [&hellip;]<\/p>\n","protected":false},"author":4,"featured_media":62289,"comment_status":"open","ping_status":"open","sticky":false,"template":"","format":"standard","meta":{"om_disable_all_campaigns":false,"_monsterinsights_skip_tracking":false,"_monsterinsights_sitenote_active":false,"_monsterinsights_sitenote_note":"","_monsterinsights_sitenote_category":0,"footnotes":""},"categories":[175],"tags":[239,223],"class_list":["post-62288","post","type-post","status-publish","format-standard","has-post-thumbnail","hentry","category-local","tag-gobierno","tag-puebla"],"amp_enabled":true,"_links":{"self":[{"href":"https:\/\/lahora.mx\/index.php\/wp-json\/wp\/v2\/posts\/62288","targetHints":{"allow":["GET"]}}],"collection":[{"href":"https:\/\/lahora.mx\/index.php\/wp-json\/wp\/v2\/posts"}],"about":[{"href":"https:\/\/lahora.mx\/index.php\/wp-json\/wp\/v2\/types\/post"}],"author":[{"embeddable":true,"href":"https:\/\/lahora.mx\/index.php\/wp-json\/wp\/v2\/users\/4"}],"replies":[{"embeddable":true,"href":"https:\/\/lahora.mx\/index.php\/wp-json\/wp\/v2\/comments?post=62288"}],"version-history":[{"count":1,"href":"https:\/\/lahora.mx\/index.php\/wp-json\/wp\/v2\/posts\/62288\/revisions"}],"predecessor-version":[{"id":62290,"href":"https:\/\/lahora.mx\/index.php\/wp-json\/wp\/v2\/posts\/62288\/revisions\/62290"}],"wp:featuredmedia":[{"embeddable":true,"href":"https:\/\/lahora.mx\/index.php\/wp-json\/wp\/v2\/media\/62289"}],"wp:attachment":[{"href":"https:\/\/lahora.mx\/index.php\/wp-json\/wp\/v2\/media?parent=62288"}],"wp:term":[{"taxonomy":"category","embeddable":true,"href":"https:\/\/lahora.mx\/index.php\/wp-json\/wp\/v2\/categories?post=62288"},{"taxonomy":"post_tag","embeddable":true,"href":"https:\/\/lahora.mx\/index.php\/wp-json\/wp\/v2\/tags?post=62288"}],"curies":[{"name":"wp","href":"https:\/\/api.w.org\/{rel}","templated":true}]}}