{"id":62285,"date":"2025-05-14T14:55:59","date_gmt":"2025-05-14T14:55:59","guid":{"rendered":"https:\/\/lahora.mx\/?p=62285"},"modified":"2025-05-14T14:56:00","modified_gmt":"2025-05-14T14:56:00","slug":"bloquean-la-via-atlixcayotl-y-la-siglo-xxi-por-asesinato-de-chofer-de-ruta-9","status":"publish","type":"post","link":"https:\/\/lahora.mx\/index.php\/2025\/05\/14\/bloquean-la-via-atlixcayotl-y-la-siglo-xxi-por-asesinato-de-chofer-de-ruta-9\/","title":{"rendered":"Bloquean la V\u00eda Atlixc\u00e1yotl y la Siglo XXI por asesinato de chofer de Ruta 9"},"content":{"rendered":"\n<p>Dos carreteras de Puebla fueron bloqueadas y liberadas durante la noche de ayer por transportistas que exigieron la detenci\u00f3n del presunto homicida de un conductor de la unidad U13 de la Ruta 9 a quien le dispararon en el rostro solo unas horas antes.<\/p>\n\n\n\n<p>Choferes de autob\u00fas, combis, taxis, todos familiares, amigos, compa\u00f1eros y colegas de \u2018el Beto\u2019 \u2014el chofer asesinado cuyo nombre era Pablo\u2014, se instalaron sobre las autopistas Siglo XXI y la V\u00eda Atlixc\u00e1yotl cerca de las 22:00 horas de ayer.<\/p>\n\n\n\n<p>La muerte de \u2018el Beto\u2019, de aproximadamente 50 a\u00f1os, habr\u00eda sido resultado de un conflicto de tr\u00e1nsito; acorde con sus compa\u00f1eros el hombre dej\u00f3 en orfandad a una peque\u00f1a de apenas dos meses de nacida.<\/p>\n\n\n\n<p>Transportistas advierten sobre cierre vial por asesinato de compa\u00f1ero<br>Despu\u00e9s del asesinato del chofer de la Ruta 9 se viraliz\u00f3 en grupos de mensajer\u00eda instant\u00e1nea un video previo al homicidio en que presuntamente se confirmar\u00eda la versi\u00f3n del conflicto vehicular.<\/p>\n\n\n\n<p>En las im\u00e1genes se aprecia que al agresor quien viajaba en un veh\u00edculo color negro. Acorde con versiones extraoficiales, el sujeto se encontraba en estado et\u00edlico.<\/p>\n\n\n\n<p>El video incluye el momento de la discusi\u00f3n entre \u2018el Beto\u2019 y su asesino y cuando este \u00faltimo le arroj\u00f3 una cerveza al chofer. M\u00e1s adelante se volvieron a encontrar, mientras Pablo hac\u00eda base frente al Fraccionamiento El Cristo.<\/p>\n\n\n\n<p>Ah\u00ed el atacante lo confront\u00f3 de nuevo y le dispar\u00f3 en el rostr\u00f3. El chofer qued\u00f3 adentr\u00f3 de la unidad. Dicho video circul\u00f3 con el siguiente texto.<\/p>\n\n\n\n<p>\u201cBuenas noches presidenta pues aqu\u00ed est\u00e1 el video de mi hermano esta es la persona que lo agredi\u00f3 y le quit\u00f3 la vida a mi hermano yo nada m\u00e1s le doy una hora para que nos d\u00e9 resultados y nos entreguen a estas personas que le quitaron la vida a mi hermano sino de lo contrario voy a cerrar hasta que tenga yo resultados porque eso no se puede quedar as\u00ed por un simple este problema de veh\u00edculos no le pudieron haber quitado de esa manera la vida mi hermano\u201d.<\/p>\n\n\n\n<p>Pas\u00f3 la hora y al no obtener respuesta los conductores se organizaron para cerrar la Siglo XXI y la V\u00eda Atlixc\u00e1yotl. Aseguraron que el responsable del homicidio vive en Rancho San Isidro, en la comunidad atlixquense de San F\u00e9lix Hidalgo.<\/p>\n\n\n\n<p>Transportistas bloquean la Siglo XXI y la v\u00eda Atlixc\u00e1yotl<br>Ya en sus sitios los manifestantes exigieron a la Fiscal\u00eda General del Estado (FGE) de Puebla la detenci\u00f3n del presunto responsable, quien habr\u00eda tenido una confrontaci\u00f3n verbal con el operador antes del ataque, derivada de un conflicto vial.<\/p>\n\n\n\n<p>En entrevista para e-consulta, un conductor de Uber que se sum\u00f3 a la protesta exigi\u00f3 justicia para su compa\u00f1ero, quien dej\u00f3 en orfandad a una beb\u00e9 de apenas dos meses.<\/p>\n\n\n\n<p>\u201cEra una persona que trabaja d\u00eda a d\u00eda y es lamentable lo que est\u00e1 sucediendo\u201d, expres\u00f3.<\/p>\n\n\n\n<p>La manifestaci\u00f3n y bloqueos que buscaban visibilizar el reclamo de justicia por el asesinato del chofer de la Ruta 9 generaron afectaciones a terceros. Automovilistas permanecieron varados por un par de horas. Algunos tomaron rutas alternas.<\/p>\n\n\n\n<p>Eso le pas\u00f3 a Jes\u00fas Ramos, conductor de tr\u00e1iler que viajaba desde Iz\u00facar de Matamoros y qued\u00f3 detenido a mitad del camino. \u201cNo es la forma ni el lugar. Con quien se deben manifestar es con las autoridades, no en las v\u00edas p\u00fablicas\u201d, expres\u00f3 en entrevista para e-consulta.<\/p>\n\n\n\n<p>Tras permanecer cerradas por m\u00e1s de dos horas, ambas autopistas fueron reabiertas a la circulaci\u00f3n.<\/p>\n","protected":false},"excerpt":{"rendered":"<p>Dos carreteras de Puebla fueron bloqueadas y liberadas durante la noche de ayer por transportistas que exigieron la detenci\u00f3n del presunto homicida de un conductor de la unidad U13 de la Ruta 9 a quien le dispararon en el rostro solo unas horas antes. Choferes de autob\u00fas, combis, taxis, todos familiares, amigos, compa\u00f1eros y colegas [&hellip;]<\/p>\n","protected":false},"author":4,"featured_media":62286,"comment_status":"open","ping_status":"open","sticky":false,"template":"","format":"standard","meta":{"om_disable_all_campaigns":false,"_monsterinsights_skip_tracking":false,"_monsterinsights_sitenote_active":false,"_monsterinsights_sitenote_note":"","_monsterinsights_sitenote_category":0,"footnotes":""},"categories":[175],"tags":[195,223],"class_list":["post-62285","post","type-post","status-publish","format-standard","has-post-thumbnail","hentry","category-local","tag-principal","tag-puebla"],"amp_enabled":true,"_links":{"self":[{"href":"https:\/\/lahora.mx\/index.php\/wp-json\/wp\/v2\/posts\/62285","targetHints":{"allow":["GET"]}}],"collection":[{"href":"https:\/\/lahora.mx\/index.php\/wp-json\/wp\/v2\/posts"}],"about":[{"href":"https:\/\/lahora.mx\/index.php\/wp-json\/wp\/v2\/types\/post"}],"author":[{"embeddable":true,"href":"https:\/\/lahora.mx\/index.php\/wp-json\/wp\/v2\/users\/4"}],"replies":[{"embeddable":true,"href":"https:\/\/lahora.mx\/index.php\/wp-json\/wp\/v2\/comments?post=62285"}],"version-history":[{"count":1,"href":"https:\/\/lahora.mx\/index.php\/wp-json\/wp\/v2\/posts\/62285\/revisions"}],"predecessor-version":[{"id":62287,"href":"https:\/\/lahora.mx\/index.php\/wp-json\/wp\/v2\/posts\/62285\/revisions\/62287"}],"wp:featuredmedia":[{"embeddable":true,"href":"https:\/\/lahora.mx\/index.php\/wp-json\/wp\/v2\/media\/62286"}],"wp:attachment":[{"href":"https:\/\/lahora.mx\/index.php\/wp-json\/wp\/v2\/media?parent=62285"}],"wp:term":[{"taxonomy":"category","embeddable":true,"href":"https:\/\/lahora.mx\/index.php\/wp-json\/wp\/v2\/categories?post=62285"},{"taxonomy":"post_tag","embeddable":true,"href":"https:\/\/lahora.mx\/index.php\/wp-json\/wp\/v2\/tags?post=62285"}],"curies":[{"name":"wp","href":"https:\/\/api.w.org\/{rel}","templated":true}]}}