{"id":62281,"date":"2025-05-14T14:33:14","date_gmt":"2025-05-14T14:33:14","guid":{"rendered":"https:\/\/lahora.mx\/?p=62281"},"modified":"2025-05-14T14:34:10","modified_gmt":"2025-05-14T14:34:10","slug":"recupera-la-fiscalia-general-del-estado-de-puebla-en-san-martin-texmelucan-equipo-robado-de-grupo-musical-los-angeles-azules","status":"publish","type":"post","link":"https:\/\/lahora.mx\/index.php\/2025\/05\/14\/recupera-la-fiscalia-general-del-estado-de-puebla-en-san-martin-texmelucan-equipo-robado-de-grupo-musical-los-angeles-azules\/","title":{"rendered":"Recupera la Fiscal\u00eda General del Estado de Puebla en San Mart\u00edn Texmelucan equipo robado de grupo musical Los Angeles Azules"},"content":{"rendered":"\n<p>Como resultado de labores de inteligencia y de campo, la Fiscal\u00eda General del Estado de Puebla recuper\u00f3 en la comunidad de San Rafael Tlanalapan, perteneciente al municipio de San Mart\u00edn Texmelucan, instrumentos y equipo de audio propiedad de una agrupaci\u00f3n musical, reportados como robados en Ixtapaluca, Estado de M\u00e9xico.<\/p>\n\n\n\n<p>Se tiene conocimiento que el pasado 10 de mayo, se registr\u00f3 el robo de una camioneta marca Mercedes Benz, tipo Van, con placas de circulaci\u00f3n LF87217 del Estado de M\u00e9xico, la cual transportaba el equipo antes mencionado. Al d\u00eda siguiente, elementos de Guardia Nacional, ubicaron la unidad abandonada y vac\u00eda, sobre la autopista M\u00e9xico-Puebla, a la altura de San Mart\u00edn Texmelucan.<\/p>\n\n\n\n<p>Con motivo de lo anterior, la Fiscal\u00eda General del Estado inici\u00f3 una carpeta de investigaci\u00f3n, ordenando realizar diversos actos de investigaci\u00f3n, dentro de los cuales se dio seguimiento a c\u00e1maras de video vigilancia y se realizaron recorridos de las posibles rutas de escape.<\/p>\n\n\n\n<p>Estas acciones permitieron la localizaci\u00f3n de los instrumentos musicales y del equipo de audio, en un camino de terracer\u00eda de la localidad de San Rafael Tlanalapan.<\/p>\n\n\n\n<p>Los indicios quedaron a disposici\u00f3n del agente del Ministerio P\u00fablico en tanto contin\u00faan las indagatorias para dar con los responsables de estos hechos.<\/p>\n","protected":false},"excerpt":{"rendered":"<p>Como resultado de labores de inteligencia y de campo, la Fiscal\u00eda General del Estado de Puebla recuper\u00f3 en la comunidad de San Rafael Tlanalapan, perteneciente al municipio de San Mart\u00edn Texmelucan, instrumentos y equipo de audio propiedad de una agrupaci\u00f3n musical, reportados como robados en Ixtapaluca, Estado de M\u00e9xico. Se tiene conocimiento que el pasado [&hellip;]<\/p>\n","protected":false},"author":4,"featured_media":62282,"comment_status":"open","ping_status":"open","sticky":false,"template":"","format":"standard","meta":{"om_disable_all_campaigns":false,"_monsterinsights_skip_tracking":false,"_monsterinsights_sitenote_active":false,"_monsterinsights_sitenote_note":"","_monsterinsights_sitenote_category":0,"footnotes":""},"categories":[175,226],"tags":[195,223],"class_list":["post-62281","post","type-post","status-publish","format-standard","has-post-thumbnail","hentry","category-local","category-policia","tag-principal","tag-puebla"],"amp_enabled":true,"_links":{"self":[{"href":"https:\/\/lahora.mx\/index.php\/wp-json\/wp\/v2\/posts\/62281","targetHints":{"allow":["GET"]}}],"collection":[{"href":"https:\/\/lahora.mx\/index.php\/wp-json\/wp\/v2\/posts"}],"about":[{"href":"https:\/\/lahora.mx\/index.php\/wp-json\/wp\/v2\/types\/post"}],"author":[{"embeddable":true,"href":"https:\/\/lahora.mx\/index.php\/wp-json\/wp\/v2\/users\/4"}],"replies":[{"embeddable":true,"href":"https:\/\/lahora.mx\/index.php\/wp-json\/wp\/v2\/comments?post=62281"}],"version-history":[{"count":2,"href":"https:\/\/lahora.mx\/index.php\/wp-json\/wp\/v2\/posts\/62281\/revisions"}],"predecessor-version":[{"id":62284,"href":"https:\/\/lahora.mx\/index.php\/wp-json\/wp\/v2\/posts\/62281\/revisions\/62284"}],"wp:featuredmedia":[{"embeddable":true,"href":"https:\/\/lahora.mx\/index.php\/wp-json\/wp\/v2\/media\/62282"}],"wp:attachment":[{"href":"https:\/\/lahora.mx\/index.php\/wp-json\/wp\/v2\/media?parent=62281"}],"wp:term":[{"taxonomy":"category","embeddable":true,"href":"https:\/\/lahora.mx\/index.php\/wp-json\/wp\/v2\/categories?post=62281"},{"taxonomy":"post_tag","embeddable":true,"href":"https:\/\/lahora.mx\/index.php\/wp-json\/wp\/v2\/tags?post=62281"}],"curies":[{"name":"wp","href":"https:\/\/api.w.org\/{rel}","templated":true}]}}