{"id":62269,"date":"2025-05-13T16:23:05","date_gmt":"2025-05-13T16:23:05","guid":{"rendered":"https:\/\/lahora.mx\/?p=62269"},"modified":"2025-05-13T16:23:06","modified_gmt":"2025-05-13T16:23:06","slug":"movilidad-aplicara-medidas-para-evitar-placas-de-otros-estados-en-automoviles-de-puebla","status":"publish","type":"post","link":"https:\/\/lahora.mx\/index.php\/2025\/05\/13\/movilidad-aplicara-medidas-para-evitar-placas-de-otros-estados-en-automoviles-de-puebla\/","title":{"rendered":"Movilidad aplicar\u00e1 medidas para evitar placas de otros estados en autom\u00f3viles de Puebla"},"content":{"rendered":"\n<p>El Gobierno del estado a trav\u00e9s de la secretaria de Movilidad y Transporte, emprender\u00e1 medidas para evitar que los conductores poblanos tengan placas de otros estados, con la finalidad de no generar fotomultas.<br><br>La titular de la dependencia,Silvia Tan\u00fas Osorio, dio a conocer que ser\u00e1 en el segundo semestre de este a\u00f1o, cuando se implemente \u00abun programa que nos va a permitir precisamente evitar estas cosas\u00bb.<\/p>\n\n\n\n<p>La secretaria no dio m\u00e1s detalles para que se la ciudadan\u00eda conozca la informaci\u00f3n oficial.<\/p>\n\n\n\n<p>\u00abPronto tendr\u00e1n noticias, y yo creo que a los poblanos les va a dar mucho gusto lo que vamos a hacer\u00bb, se\u00f1al\u00f3.<\/p>\n\n\n\n<p>Tambi\u00e9n coment\u00f3 que la aplicaci\u00f3n de fotomultas no consiste en ser un m\u00e9todo recaudatorio, sino que busca \u00abpreservar la seguridad de los ciudadanos, tanto de los que van caminando como de los que van manejando\u201d.<\/p>\n\n\n\n<p>En otros temas, hizo una advertencia a la ciudadan\u00eda para que \u00abno se dejen enga\u00f1ar\u00bb por presuntos gestores que est\u00e1n ofreciendo tramitar licencias de conducir a bajo costo a trav\u00e9s de la plataforma Facebook, se\u00f1alando que \u00absi les ofrecen las cosas muy sencillas, quiere decir que no es legal\u00bb.<\/p>\n\n\n\n<p>Finalmente coment\u00f3 que se encuentra en formaci\u00f3n el cuerpo de Proximidad Vial que estar\u00e1 a cargo de la dependencia que encabeza, mismo que asumir\u00e1 las funciones que actualmente realiza la Secretar\u00eda de Seguridad P\u00fablica estatal.<\/p>\n","protected":false},"excerpt":{"rendered":"<p>El Gobierno del estado a trav\u00e9s de la secretaria de Movilidad y Transporte, emprender\u00e1 medidas para evitar que los conductores poblanos tengan placas de otros estados, con la finalidad de no generar fotomultas. La titular de la dependencia,Silvia Tan\u00fas Osorio, dio a conocer que ser\u00e1 en el segundo semestre de este a\u00f1o, cuando se implemente [&hellip;]<\/p>\n","protected":false},"author":4,"featured_media":62270,"comment_status":"open","ping_status":"open","sticky":false,"template":"","format":"standard","meta":{"om_disable_all_campaigns":false,"_monsterinsights_skip_tracking":false,"_monsterinsights_sitenote_active":false,"_monsterinsights_sitenote_note":"","_monsterinsights_sitenote_category":0,"footnotes":""},"categories":[175],"tags":[239,195,223],"class_list":["post-62269","post","type-post","status-publish","format-standard","has-post-thumbnail","hentry","category-local","tag-gobierno","tag-principal","tag-puebla"],"amp_enabled":true,"_links":{"self":[{"href":"https:\/\/lahora.mx\/index.php\/wp-json\/wp\/v2\/posts\/62269","targetHints":{"allow":["GET"]}}],"collection":[{"href":"https:\/\/lahora.mx\/index.php\/wp-json\/wp\/v2\/posts"}],"about":[{"href":"https:\/\/lahora.mx\/index.php\/wp-json\/wp\/v2\/types\/post"}],"author":[{"embeddable":true,"href":"https:\/\/lahora.mx\/index.php\/wp-json\/wp\/v2\/users\/4"}],"replies":[{"embeddable":true,"href":"https:\/\/lahora.mx\/index.php\/wp-json\/wp\/v2\/comments?post=62269"}],"version-history":[{"count":1,"href":"https:\/\/lahora.mx\/index.php\/wp-json\/wp\/v2\/posts\/62269\/revisions"}],"predecessor-version":[{"id":62271,"href":"https:\/\/lahora.mx\/index.php\/wp-json\/wp\/v2\/posts\/62269\/revisions\/62271"}],"wp:featuredmedia":[{"embeddable":true,"href":"https:\/\/lahora.mx\/index.php\/wp-json\/wp\/v2\/media\/62270"}],"wp:attachment":[{"href":"https:\/\/lahora.mx\/index.php\/wp-json\/wp\/v2\/media?parent=62269"}],"wp:term":[{"taxonomy":"category","embeddable":true,"href":"https:\/\/lahora.mx\/index.php\/wp-json\/wp\/v2\/categories?post=62269"},{"taxonomy":"post_tag","embeddable":true,"href":"https:\/\/lahora.mx\/index.php\/wp-json\/wp\/v2\/tags?post=62269"}],"curies":[{"name":"wp","href":"https:\/\/api.w.org\/{rel}","templated":true}]}}