{"id":62263,"date":"2025-05-13T16:19:10","date_gmt":"2025-05-13T16:19:10","guid":{"rendered":"https:\/\/lahora.mx\/?p=62263"},"modified":"2025-05-13T16:19:10","modified_gmt":"2025-05-13T16:19:10","slug":"concluye-semana-nacional-de-vacunacion-en-puebla-con-mas-de-mil-600-dosis","status":"publish","type":"post","link":"https:\/\/lahora.mx\/index.php\/2025\/05\/13\/concluye-semana-nacional-de-vacunacion-en-puebla-con-mas-de-mil-600-dosis\/","title":{"rendered":"Concluye Semana Nacional de Vacunaci\u00f3n en Puebla con m\u00e1s de mil 600 dosis"},"content":{"rendered":"\n<p>El estado de Puebla cumpli\u00f3 con el cien por ciento de la meta, que se ten\u00eda por entidad federativa, con la aplicaci\u00f3n de 106 mil 215 dosis, durante la Semana Nacional de Vacunaci\u00f3n del 2025.<br>As\u00ed lo dio a conocer Ramiro L\u00f3pez Elizalde, subsecretario de Prevenci\u00f3n y Promoci\u00f3n de la Salud, durante la conferencia matutina \u00abMa\u00f1anera del Pueblo\u00bb, de este martes 13 de mayo.<\/p>\n\n\n\n<p>La jornada se realiz\u00f3 durante los d\u00edas 26, 27, 28, 29 y 30 de abril, as\u00ed como el 1, 2 y 3 de mayo, en los que se obtuvo un avance a nivel nacional del 142 por ciento, equivalente a 2 millones 629 mil 698 dosis.<\/p>\n\n\n\n<p>Seg\u00fan especific\u00f3, la meta nacional que se ten\u00eda contemplada para esta ocasi\u00f3n es de 1 mill\u00f3n 859 mil 033 aplicaciones, por lo cual se rebas\u00f3 el plan para los 32 estados.<\/p>\n\n\n\n<p>Debido al \u00e9xito de la Semana Nacional de Vacunaci\u00f3n, se report\u00f3 que la entidad poblana se encuentra entre los diez primeros lugares con mayor n\u00famero de personas que acudieron a vacunarse.<\/p>\n\n\n\n<p>Para esta ocasi\u00f3n, la Secretar\u00eda de Salud Federal tuvo el objetivo de completar los esquemas de vacunaci\u00f3n contra al menos cinco enfermedades, tales como t\u00e9tanos, difteria, sarampi\u00f3n, rub\u00e9ola y hepatitis B.<\/p>\n","protected":false},"excerpt":{"rendered":"<p>El estado de Puebla cumpli\u00f3 con el cien por ciento de la meta, que se ten\u00eda por entidad federativa, con la aplicaci\u00f3n de 106 mil 215 dosis, durante la Semana Nacional de Vacunaci\u00f3n del 2025.As\u00ed lo dio a conocer Ramiro L\u00f3pez Elizalde, subsecretario de Prevenci\u00f3n y Promoci\u00f3n de la Salud, durante la conferencia matutina \u00abMa\u00f1anera [&hellip;]<\/p>\n","protected":false},"author":4,"featured_media":62264,"comment_status":"open","ping_status":"open","sticky":false,"template":"","format":"standard","meta":{"om_disable_all_campaigns":false,"_monsterinsights_skip_tracking":false,"_monsterinsights_sitenote_active":false,"_monsterinsights_sitenote_note":"","_monsterinsights_sitenote_category":0,"footnotes":""},"categories":[175,252],"tags":[223],"class_list":["post-62263","post","type-post","status-publish","format-standard","has-post-thumbnail","hentry","category-local","category-salud","tag-puebla"],"amp_enabled":true,"_links":{"self":[{"href":"https:\/\/lahora.mx\/index.php\/wp-json\/wp\/v2\/posts\/62263","targetHints":{"allow":["GET"]}}],"collection":[{"href":"https:\/\/lahora.mx\/index.php\/wp-json\/wp\/v2\/posts"}],"about":[{"href":"https:\/\/lahora.mx\/index.php\/wp-json\/wp\/v2\/types\/post"}],"author":[{"embeddable":true,"href":"https:\/\/lahora.mx\/index.php\/wp-json\/wp\/v2\/users\/4"}],"replies":[{"embeddable":true,"href":"https:\/\/lahora.mx\/index.php\/wp-json\/wp\/v2\/comments?post=62263"}],"version-history":[{"count":1,"href":"https:\/\/lahora.mx\/index.php\/wp-json\/wp\/v2\/posts\/62263\/revisions"}],"predecessor-version":[{"id":62265,"href":"https:\/\/lahora.mx\/index.php\/wp-json\/wp\/v2\/posts\/62263\/revisions\/62265"}],"wp:featuredmedia":[{"embeddable":true,"href":"https:\/\/lahora.mx\/index.php\/wp-json\/wp\/v2\/media\/62264"}],"wp:attachment":[{"href":"https:\/\/lahora.mx\/index.php\/wp-json\/wp\/v2\/media?parent=62263"}],"wp:term":[{"taxonomy":"category","embeddable":true,"href":"https:\/\/lahora.mx\/index.php\/wp-json\/wp\/v2\/categories?post=62263"},{"taxonomy":"post_tag","embeddable":true,"href":"https:\/\/lahora.mx\/index.php\/wp-json\/wp\/v2\/tags?post=62263"}],"curies":[{"name":"wp","href":"https:\/\/api.w.org\/{rel}","templated":true}]}}