{"id":62254,"date":"2025-05-13T16:09:25","date_gmt":"2025-05-13T16:09:25","guid":{"rendered":"https:\/\/lahora.mx\/?p=62254"},"modified":"2025-05-13T16:09:26","modified_gmt":"2025-05-13T16:09:26","slug":"anuncian-bloqueo-en-la-autopista-mexico-puebla-por-protesta-en-xoxtla","status":"publish","type":"post","link":"https:\/\/lahora.mx\/index.php\/2025\/05\/13\/anuncian-bloqueo-en-la-autopista-mexico-puebla-por-protesta-en-xoxtla\/","title":{"rendered":"Anuncian bloqueo en la autopista M\u00e9xico-Puebla por protesta en Xoxtla"},"content":{"rendered":"\n<p>Habitantes de San Miguel Xoxtla anunciaron un bloqueo este martes sobre la autopista M\u00e9xico-Puebla, a la altura del municipio, para denunciar la presunta privatizaci\u00f3n del agua en la comunidad.<\/p>\n\n\n\n<p>La manifestaci\u00f3n est\u00e1 programada para realizarse a las 12:00 horas y va dirigida contra la presidenta municipal, Guadalupe Ort\u00edz, a quien se acusa de presuntamente haber negociado la venta del recurso h\u00eddrico.<\/p>\n\n\n\n<p>En un comunicado difundido el lunes, los organizadores se\u00f1alaron que, de concretarse la transacci\u00f3n, el agua quedar\u00eda en manos del municipio de Puebla.<\/p>\n\n\n\n<p>\u201cLa presidenta municipal de Xoxtla, en un comunicado oficial, pretende vender el agua de su municipio; agua que es del y para el pueblo\u201d, indica el mensaje difundido.<\/p>\n\n\n\n<p>Por esta raz\u00f3n, hicieron un llamado a la poblaci\u00f3n de Xoxtla a sumarse al bloqueo y manifestarse en defensa del recurso natural.<\/p>\n\n\n\n<p>\u201cInvitamos a toda la comunidad a unir fuerzas en contra de esta decisi\u00f3n arbitraria. Recuerda llevar lonas, pancartas y todo tipo de propaganda alusiva\u201d, a\u00f1adieron.<\/p>\n\n\n\n<p>Tambi\u00e9n solicitaron la intervenci\u00f3n del gobernador de Puebla, Alejandro Armenta Mier, para frenar la presunta operaci\u00f3n que involucra a la autoridad municipal.<\/p>\n\n\n\n<p>Ante el anuncio, se recomienda a las y los conductores tomar v\u00edas alternas y mantenerse informados para evitar contratiempos en esta zona durante la tarde de este martes.<\/p>\n","protected":false},"excerpt":{"rendered":"<p>Habitantes de San Miguel Xoxtla anunciaron un bloqueo este martes sobre la autopista M\u00e9xico-Puebla, a la altura del municipio, para denunciar la presunta privatizaci\u00f3n del agua en la comunidad. La manifestaci\u00f3n est\u00e1 programada para realizarse a las 12:00 horas y va dirigida contra la presidenta municipal, Guadalupe Ort\u00edz, a quien se acusa de presuntamente haber [&hellip;]<\/p>\n","protected":false},"author":4,"featured_media":62255,"comment_status":"open","ping_status":"open","sticky":false,"template":"","format":"standard","meta":{"om_disable_all_campaigns":false,"_monsterinsights_skip_tracking":false,"_monsterinsights_sitenote_active":false,"_monsterinsights_sitenote_note":"","_monsterinsights_sitenote_category":0,"footnotes":""},"categories":[175],"tags":[195,223],"class_list":["post-62254","post","type-post","status-publish","format-standard","has-post-thumbnail","hentry","category-local","tag-principal","tag-puebla"],"amp_enabled":true,"_links":{"self":[{"href":"https:\/\/lahora.mx\/index.php\/wp-json\/wp\/v2\/posts\/62254","targetHints":{"allow":["GET"]}}],"collection":[{"href":"https:\/\/lahora.mx\/index.php\/wp-json\/wp\/v2\/posts"}],"about":[{"href":"https:\/\/lahora.mx\/index.php\/wp-json\/wp\/v2\/types\/post"}],"author":[{"embeddable":true,"href":"https:\/\/lahora.mx\/index.php\/wp-json\/wp\/v2\/users\/4"}],"replies":[{"embeddable":true,"href":"https:\/\/lahora.mx\/index.php\/wp-json\/wp\/v2\/comments?post=62254"}],"version-history":[{"count":1,"href":"https:\/\/lahora.mx\/index.php\/wp-json\/wp\/v2\/posts\/62254\/revisions"}],"predecessor-version":[{"id":62256,"href":"https:\/\/lahora.mx\/index.php\/wp-json\/wp\/v2\/posts\/62254\/revisions\/62256"}],"wp:featuredmedia":[{"embeddable":true,"href":"https:\/\/lahora.mx\/index.php\/wp-json\/wp\/v2\/media\/62255"}],"wp:attachment":[{"href":"https:\/\/lahora.mx\/index.php\/wp-json\/wp\/v2\/media?parent=62254"}],"wp:term":[{"taxonomy":"category","embeddable":true,"href":"https:\/\/lahora.mx\/index.php\/wp-json\/wp\/v2\/categories?post=62254"},{"taxonomy":"post_tag","embeddable":true,"href":"https:\/\/lahora.mx\/index.php\/wp-json\/wp\/v2\/tags?post=62254"}],"curies":[{"name":"wp","href":"https:\/\/api.w.org\/{rel}","templated":true}]}}