{"id":62248,"date":"2025-05-13T02:08:45","date_gmt":"2025-05-13T02:08:45","guid":{"rendered":"https:\/\/lahora.mx\/?p=62248"},"modified":"2025-05-13T02:08:46","modified_gmt":"2025-05-13T02:08:46","slug":"angeles-azules-denuncian-robo-de-su-camion-con-equipo-musical-en-la-mexico-puebla","status":"publish","type":"post","link":"https:\/\/lahora.mx\/index.php\/2025\/05\/13\/angeles-azules-denuncian-robo-de-su-camion-con-equipo-musical-en-la-mexico-puebla\/","title":{"rendered":"\u00c1ngeles Azules denuncian robo de su cami\u00f3n con equipo musical en la M\u00e9xico-Puebla"},"content":{"rendered":"\n<p>La reconocida agrupaci\u00f3n mexicana Los \u00c1ngeles Azules inform\u00f3 que el cami\u00f3n que transportaba su equipo de audio e instrumentos fue robado mientras se dirig\u00edan por la carretera M\u00e9xico-Puebla, a la altura del kil\u00f3metro 61.<br><br>De acuerdo con la informaci\u00f3n difundida, el robo ocurri\u00f3 mediante un falso ret\u00e9n montado por delincuentes, quienes interceptaron la unidad para despojarla de su valioso contenido. La banda ha calificado este acto como un golpe no solo para ellos, sino para la seguridad de todos los que transitan por esta ruta.<\/p>\n\n\n\n<p>El grupo originario de Iztapalapa comparti\u00f3 lo ocurrido a trav\u00e9s de sus cuentas oficiales en redes sociales, incluyendo Instagram, Twitter (X) y Facebook, donde tambi\u00e9n solicitaron apoyo a las autoridades para esclarecer los hechos, recuperar el cami\u00f3n y prevenir futuros actos similares. Adem\u00e1s, invitaron a sus seguidores a compartir cualquier informaci\u00f3n que pueda ser \u00fatil para la investigaci\u00f3n.<\/p>\n\n\n\n<p>La Fiscal\u00eda correspondiente ya ha iniciado una investigaci\u00f3n y emiti\u00f3 un llamado a extremar precauciones al circular por esa v\u00eda, debido a que se han registrado otros eventos similares en la misma zona.<\/p>\n","protected":false},"excerpt":{"rendered":"<p>La reconocida agrupaci\u00f3n mexicana Los \u00c1ngeles Azules inform\u00f3 que el cami\u00f3n que transportaba su equipo de audio e instrumentos fue robado mientras se dirig\u00edan por la carretera M\u00e9xico-Puebla, a la altura del kil\u00f3metro 61. De acuerdo con la informaci\u00f3n difundida, el robo ocurri\u00f3 mediante un falso ret\u00e9n montado por delincuentes, quienes interceptaron la unidad para [&hellip;]<\/p>\n","protected":false},"author":4,"featured_media":62249,"comment_status":"open","ping_status":"open","sticky":false,"template":"","format":"standard","meta":{"om_disable_all_campaigns":false,"_monsterinsights_skip_tracking":false,"_monsterinsights_sitenote_active":false,"_monsterinsights_sitenote_note":"","_monsterinsights_sitenote_category":0,"footnotes":""},"categories":[175,226],"tags":[223],"class_list":["post-62248","post","type-post","status-publish","format-standard","has-post-thumbnail","hentry","category-local","category-policia","tag-puebla"],"amp_enabled":true,"_links":{"self":[{"href":"https:\/\/lahora.mx\/index.php\/wp-json\/wp\/v2\/posts\/62248","targetHints":{"allow":["GET"]}}],"collection":[{"href":"https:\/\/lahora.mx\/index.php\/wp-json\/wp\/v2\/posts"}],"about":[{"href":"https:\/\/lahora.mx\/index.php\/wp-json\/wp\/v2\/types\/post"}],"author":[{"embeddable":true,"href":"https:\/\/lahora.mx\/index.php\/wp-json\/wp\/v2\/users\/4"}],"replies":[{"embeddable":true,"href":"https:\/\/lahora.mx\/index.php\/wp-json\/wp\/v2\/comments?post=62248"}],"version-history":[{"count":1,"href":"https:\/\/lahora.mx\/index.php\/wp-json\/wp\/v2\/posts\/62248\/revisions"}],"predecessor-version":[{"id":62250,"href":"https:\/\/lahora.mx\/index.php\/wp-json\/wp\/v2\/posts\/62248\/revisions\/62250"}],"wp:featuredmedia":[{"embeddable":true,"href":"https:\/\/lahora.mx\/index.php\/wp-json\/wp\/v2\/media\/62249"}],"wp:attachment":[{"href":"https:\/\/lahora.mx\/index.php\/wp-json\/wp\/v2\/media?parent=62248"}],"wp:term":[{"taxonomy":"category","embeddable":true,"href":"https:\/\/lahora.mx\/index.php\/wp-json\/wp\/v2\/categories?post=62248"},{"taxonomy":"post_tag","embeddable":true,"href":"https:\/\/lahora.mx\/index.php\/wp-json\/wp\/v2\/tags?post=62248"}],"curies":[{"name":"wp","href":"https:\/\/api.w.org\/{rel}","templated":true}]}}