{"id":62239,"date":"2025-05-13T02:00:24","date_gmt":"2025-05-13T02:00:24","guid":{"rendered":"https:\/\/lahora.mx\/?p=62239"},"modified":"2025-05-13T02:00:25","modified_gmt":"2025-05-13T02:00:25","slug":"van-5-muertos-por-el-ataque-contra-candidata-de-morena-en-texistepec","status":"publish","type":"post","link":"https:\/\/lahora.mx\/index.php\/2025\/05\/13\/van-5-muertos-por-el-ataque-contra-candidata-de-morena-en-texistepec\/","title":{"rendered":"Van 5 muertos por el ataque contra candidata de Morena en Texistepec"},"content":{"rendered":"\n<p>La noche del 11 de mayo, un ataque armado durante una caravana pol\u00edtica en Texistepec, Veracruz, cobr\u00f3 la vida de Yesenia Lara Guti\u00e9rrez, candidata de Morena a la alcald\u00eda, y de cuatro personas m\u00e1s, dejando adem\u00e1s dos personas heridas en estado cr\u00edtico.<\/p>\n\n\n\n<p>Yesenia Lara, de 49 a\u00f1os, transmit\u00eda en vivo por Facebook la \u201cCaravana de la 4T\u201d, organizada por el Grupo de J\u00f3venes de Morena, cuando al menos tres sujetos armados dispararon contra ella y los asistentes.<\/p>\n\n\n\n<p>El video, de 51 segundos, capt\u00f3 a los simpatizantes en motocicletas, mototaxis y a pie en la caravana, hasta que m\u00e1s de 20 detonaciones interrumpieron la escena.<\/p>\n\n\n\n<p>Momento en que asesinan a Yesenia Lara, candidata de Partido Morena a la alcald\u00eda de Texistepec, Veracruz, en M\u00e9xico. La candidata se encontraba realizando una caravana-caminata cuando fue atacada a tiros. pic.twitter.com\/KNt32iO5mK \u2014 Alerta Mundial (@AlertaMundoNews) May 12, 2025<br>Te puede interesar:<\/p>\n\n\n\n<p>Cuatro detenidos tras ataque armado a polic\u00edas en Tepeojuma<\/p>\n\n\n\n<p>flecha derecha<\/p>\n\n\n\n<p>Una voz exclam\u00f3: \u201c\u00a1Mataron a la candidata!\u201d. Lara recibi\u00f3 m\u00faltiples impactos, principalmente en el rostro, y su cuerpo qued\u00f3 tendido en el pavimento, cubierto con una bandera de Morena.<\/p>\n\n\n\n<p>La Fiscal\u00eda General del Estado (FGE) de Veracruz, a trav\u00e9s de la Fiscal\u00eda Regional Zona Sur Coatzacoalcos, abri\u00f3 una carpeta de investigaci\u00f3n.<\/p>\n\n\n\n<p>Inicialmente, se reportaron cuatro muertos y tres heridos, pero el 12 de mayo, una quinta persona falleci\u00f3 en el hospital.<\/p>\n\n\n\n<p>La v\u00edctima se trat\u00f3 de Marisol Navarro Aquino, hija de Miguel Navarro Lechuga, integrante de la Polic\u00eda Municipal de J\u00e1ltipan, quien tambi\u00e9n muri\u00f3 durante el ataque; Mario Navarro, el otro hijo del agente, se encuentra grave en el hospital.<\/p>\n\n\n\n<p><\/p>\n\n\n\n<p>Tanto Marisol como Miguel se hab\u00edan acercado a saludar a Yesenia Lara, segundos antes de que comenzaran los disparos.<\/p>\n\n\n\n<p>La muerte de Lara Guti\u00e9rrez se convierte en el segundo asesinato pol\u00edtico, durante una campa\u00f1a electoral en Veracruz, despu\u00e9s del homicidio de Germ\u00e1n Anuar Valencia, candidato a la alcald\u00eda de Morena en el municipio de Coxquihui, el pasado 29 de abril.<\/p>\n\n\n\n<p>Roc\u00edo Nahle, gobernadora de Veracruz, asegur\u00f3 que el Estado est\u00e1 comprometiendo todos sus recursos para esclarecer el crimen y asegurar la zona. Tambi\u00e9n mencion\u00f3 que solicitaron refuerzos federales y apoyo t\u00e9cnico al secretario de Seguridad y Protecci\u00f3n Ciudadana, Omar Garc\u00eda Harfuch.<\/p>\n\n\n\n<p>\u00bfQui\u00e9nes fueron las otras v\u00edctimas?<\/p>\n\n\n\n<p>Se trat\u00f3 de Aar\u00f3n Nolasco Reyes, escolta y sobrino de la candidata, as\u00ed como Silvestre Gonz\u00e1lez, alias &#8216;El Hojalatero&#8217;, simpatizante de Morena, quien falleci\u00f3 en el hospital de Acayucan poco despu\u00e9s del incidente.<\/p>\n\n\n\n<p>\u00bfQui\u00e9n era Yesenia Lara?<br>Yesenia Lara Guti\u00e9rrez, originaria de Texistepec fue agente municipal de Las Camelias en dos periodos (2011-2013 y 2022-2025) y s\u00edndica (2014-2017).<\/p>\n\n\n\n<p>Su esposo, Enrique Arg\u00fcelles Montero, regidor primero, fue asesinado en 2022 en Acayucan. En campa\u00f1a, Lara prometi\u00f3 atender las necesidades de campesinos y amas de casa, como expres\u00f3 en una publicaci\u00f3n de Facebook el 10 de mayo, tras visitar L\u00e1zaro C\u00e1rdenas e Ixtepec.<\/p>\n","protected":false},"excerpt":{"rendered":"<p>La noche del 11 de mayo, un ataque armado durante una caravana pol\u00edtica en Texistepec, Veracruz, cobr\u00f3 la vida de Yesenia Lara Guti\u00e9rrez, candidata de Morena a la alcald\u00eda, y de cuatro personas m\u00e1s, dejando adem\u00e1s dos personas heridas en estado cr\u00edtico. Yesenia Lara, de 49 a\u00f1os, transmit\u00eda en vivo por Facebook la \u201cCaravana de [&hellip;]<\/p>\n","protected":false},"author":4,"featured_media":62240,"comment_status":"open","ping_status":"open","sticky":false,"template":"","format":"standard","meta":{"om_disable_all_campaigns":false,"_monsterinsights_skip_tracking":false,"_monsterinsights_sitenote_active":false,"_monsterinsights_sitenote_note":"","_monsterinsights_sitenote_category":0,"footnotes":""},"categories":[175,176,226],"tags":[223],"class_list":["post-62239","post","type-post","status-publish","format-standard","has-post-thumbnail","hentry","category-local","category-nacional","category-policia","tag-puebla"],"amp_enabled":true,"_links":{"self":[{"href":"https:\/\/lahora.mx\/index.php\/wp-json\/wp\/v2\/posts\/62239","targetHints":{"allow":["GET"]}}],"collection":[{"href":"https:\/\/lahora.mx\/index.php\/wp-json\/wp\/v2\/posts"}],"about":[{"href":"https:\/\/lahora.mx\/index.php\/wp-json\/wp\/v2\/types\/post"}],"author":[{"embeddable":true,"href":"https:\/\/lahora.mx\/index.php\/wp-json\/wp\/v2\/users\/4"}],"replies":[{"embeddable":true,"href":"https:\/\/lahora.mx\/index.php\/wp-json\/wp\/v2\/comments?post=62239"}],"version-history":[{"count":1,"href":"https:\/\/lahora.mx\/index.php\/wp-json\/wp\/v2\/posts\/62239\/revisions"}],"predecessor-version":[{"id":62241,"href":"https:\/\/lahora.mx\/index.php\/wp-json\/wp\/v2\/posts\/62239\/revisions\/62241"}],"wp:featuredmedia":[{"embeddable":true,"href":"https:\/\/lahora.mx\/index.php\/wp-json\/wp\/v2\/media\/62240"}],"wp:attachment":[{"href":"https:\/\/lahora.mx\/index.php\/wp-json\/wp\/v2\/media?parent=62239"}],"wp:term":[{"taxonomy":"category","embeddable":true,"href":"https:\/\/lahora.mx\/index.php\/wp-json\/wp\/v2\/categories?post=62239"},{"taxonomy":"post_tag","embeddable":true,"href":"https:\/\/lahora.mx\/index.php\/wp-json\/wp\/v2\/tags?post=62239"}],"curies":[{"name":"wp","href":"https:\/\/api.w.org\/{rel}","templated":true}]}}