{"id":62233,"date":"2025-05-13T00:25:15","date_gmt":"2025-05-13T00:25:15","guid":{"rendered":"https:\/\/lahora.mx\/?p=62233"},"modified":"2025-05-13T00:25:15","modified_gmt":"2025-05-13T00:25:15","slug":"el-gobierno-de-huejotzingo-realiza-mega-faena-comunitaria","status":"publish","type":"post","link":"https:\/\/lahora.mx\/index.php\/2025\/05\/13\/el-gobierno-de-huejotzingo-realiza-mega-faena-comunitaria\/","title":{"rendered":"El gobierno de Huejotzingo realiza mega faena comunitaria"},"content":{"rendered":"\n<p>Gracias al programa \u201cPong\u00e1moslo ching\u00f3n entre todas y todos\u201d, el Gobierno Municipal de Huejotzingo rehabilit\u00f3 en su totalidad el fraccionamiento \u00abValle de San Miguel\u00bb, lugar que durante a\u00f1os fue olvidado por administraciones pasadas.<\/p>\n\n\n\n<p>La mega faena comunitaria fue encabezada por el Presidente Municipal, Roberto Sol\u00eds Valles, quien coordin\u00f3 acciones como bacheo de calles, la renovaci\u00f3n total del alumbrado p\u00fablico, pinta de guarniciones, topes y pasos peatonales, as\u00ed como la limpieza y poda de \u00e1reas verdes.<\/p>\n\n\n\n<p>Durante el evento, el alcalde reconoci\u00f3 el esfuerzo de m\u00e1s de 600 participantes, entre vecinos y personal del Gobierno Municipal, quienes trabajaron hombro a hombro para recuperar este espacio. \u201cAgradezco a las y los vecinos, as\u00ed como al equipo del Gobierno Municipal, por poner manos a la obra y devolverle vida a \u00abValle de San Miguel\u00bb, un lugar que solo era recordado por la clase pol\u00edtica en tiempos electorales\u201d, expres\u00f3.<\/p>\n\n\n\n<p>Asimismo, Sol\u00eds Valles aclar\u00f3 que el fraccionamiento est\u00e1 formalmente municipalizado y pertenece a Huejotzingo, no as\u00ed al Municipio de Domingo Arenas, como algunas autoridades del pasado afirmaban para evadir sus obligaciones.<\/p>\n\n\n\n<p>Esta intervenci\u00f3n forma parte del programa \u201cPong\u00e1moslo ching\u00f3n entre todas y todos\u201d, cuyo objetivo es mejorar la imagen urbana de la Cabecera Municipal, fraccionamientos, Barrios, Colonias y Juntas Auxiliares. Con estas acciones, el Presidente Roberto Sol\u00eds demuestra su compromiso firme por recuperar y embellecer los espacios p\u00fablicos, priorizando la participaci\u00f3n ciudadana y el bienestar colectivo.<\/p>\n","protected":false},"excerpt":{"rendered":"<p>Gracias al programa \u201cPong\u00e1moslo ching\u00f3n entre todas y todos\u201d, el Gobierno Municipal de Huejotzingo rehabilit\u00f3 en su totalidad el fraccionamiento \u00abValle de San Miguel\u00bb, lugar que durante a\u00f1os fue olvidado por administraciones pasadas. La mega faena comunitaria fue encabezada por el Presidente Municipal, Roberto Sol\u00eds Valles, quien coordin\u00f3 acciones como bacheo de calles, la renovaci\u00f3n [&hellip;]<\/p>\n","protected":false},"author":4,"featured_media":62234,"comment_status":"open","ping_status":"open","sticky":false,"template":"","format":"standard","meta":{"om_disable_all_campaigns":false,"_monsterinsights_skip_tracking":false,"_monsterinsights_sitenote_active":false,"_monsterinsights_sitenote_note":"","_monsterinsights_sitenote_category":0,"footnotes":""},"categories":[176],"tags":[223],"class_list":["post-62233","post","type-post","status-publish","format-standard","has-post-thumbnail","hentry","category-nacional","tag-puebla"],"amp_enabled":true,"_links":{"self":[{"href":"https:\/\/lahora.mx\/index.php\/wp-json\/wp\/v2\/posts\/62233","targetHints":{"allow":["GET"]}}],"collection":[{"href":"https:\/\/lahora.mx\/index.php\/wp-json\/wp\/v2\/posts"}],"about":[{"href":"https:\/\/lahora.mx\/index.php\/wp-json\/wp\/v2\/types\/post"}],"author":[{"embeddable":true,"href":"https:\/\/lahora.mx\/index.php\/wp-json\/wp\/v2\/users\/4"}],"replies":[{"embeddable":true,"href":"https:\/\/lahora.mx\/index.php\/wp-json\/wp\/v2\/comments?post=62233"}],"version-history":[{"count":1,"href":"https:\/\/lahora.mx\/index.php\/wp-json\/wp\/v2\/posts\/62233\/revisions"}],"predecessor-version":[{"id":62235,"href":"https:\/\/lahora.mx\/index.php\/wp-json\/wp\/v2\/posts\/62233\/revisions\/62235"}],"wp:featuredmedia":[{"embeddable":true,"href":"https:\/\/lahora.mx\/index.php\/wp-json\/wp\/v2\/media\/62234"}],"wp:attachment":[{"href":"https:\/\/lahora.mx\/index.php\/wp-json\/wp\/v2\/media?parent=62233"}],"wp:term":[{"taxonomy":"category","embeddable":true,"href":"https:\/\/lahora.mx\/index.php\/wp-json\/wp\/v2\/categories?post=62233"},{"taxonomy":"post_tag","embeddable":true,"href":"https:\/\/lahora.mx\/index.php\/wp-json\/wp\/v2\/tags?post=62233"}],"curies":[{"name":"wp","href":"https:\/\/api.w.org\/{rel}","templated":true}]}}