{"id":62230,"date":"2025-05-13T00:21:46","date_gmt":"2025-05-13T00:21:46","guid":{"rendered":"https:\/\/lahora.mx\/?p=62230"},"modified":"2025-05-13T00:21:47","modified_gmt":"2025-05-13T00:21:47","slug":"inicia-voto-anticipado-para-eleccion-judicial","status":"publish","type":"post","link":"https:\/\/lahora.mx\/index.php\/2025\/05\/13\/inicia-voto-anticipado-para-eleccion-judicial\/","title":{"rendered":"Inicia voto anticipado para elecci\u00f3n judicial"},"content":{"rendered":"\n<p>A partir de este lunes y hasta el 21 de mayo, el Instituto Nacional Electoral (INE) realizar\u00e1 el voto anticipado para personas en postraci\u00f3n y sus cuidadores, a fin de que puedan emitir su voto para las elecciones del Poder Judicial.<\/p>\n\n\n\n<p>El INE aprob\u00f3 que 5 mil 555 personas que solicitaron esta modalidad de votaci\u00f3n y que cumplieran los requisitos, reciban en sus hogares a personal del Instituto que les llevar\u00e1 las boletas de la elecci\u00f3n que le corresponde a su distrito para que puedan emitir su voto y entregar en sobre sellado sus boletas al mismo personal.<\/p>\n\n\n\n<p>Estos votos estar\u00e1n resguardados en las Juntas Distritales hasta su conteo a las 18 horas del pr\u00f3ximo 1 de junio, siendo \u00e9stos los primeros que contar\u00e1 el personal de la Junta Distrital del INE al cierre de las casillas en entidades con horario del centro.<\/p>\n\n\n\n<p>En Ciudad de M\u00e9xico, por ejemplo, votar\u00e1n 557 personas tanto en situaci\u00f3n de postraci\u00f3n como sus cuidadoras primarias, en el Estado de M\u00e9xico 415, Veracruz, 354, Aguascalientes, 290, y Nuevo Le\u00f3n, 289 personas, por mencionar algunos ejemplos.<\/p>\n\n\n\n<p>El INE contaba con un registro en el padr\u00f3n especial para este tema de 14 mil 359 personas, pero, recibi\u00f3 solicitudes procedentes de 5 mil 555.<\/p>\n\n\n\n<p>Los requisitos para poder votar en esta modalidad fueron, estar inscritas en el Listado Nominal, contar con Credencial para votar, residir en el Distrito Electoral Federal y Secci\u00f3n Electoral en que se encuentra registrado, haber realizado el proceso de credencializaci\u00f3n en apego a lo dispuesto por el art\u00edculo 141 de la LGIPE, en el periodo comprendido de enero de 2018 y el 10 de febrero de 2025, haber manifestado su intenci\u00f3n de registrarse en la LNEVAE mediante el formato de solicitud que expide el INE y que este formato sea determinado como procedente.<\/p>\n\n\n\n<p>Asimismo, las Personas Cuidadoras Primarias y Ciudadan\u00eda con discapacidad que no cuentan con una Credencial para votar, al amparo del art\u00edculo 141 de la LGIPE, deber\u00e1n de manifestar su intenci\u00f3n de registrarse en la lista nominal mediante un formato, el cual resulte determinado como procedente.<\/p>\n","protected":false},"excerpt":{"rendered":"<p>A partir de este lunes y hasta el 21 de mayo, el Instituto Nacional Electoral (INE) realizar\u00e1 el voto anticipado para personas en postraci\u00f3n y sus cuidadores, a fin de que puedan emitir su voto para las elecciones del Poder Judicial. El INE aprob\u00f3 que 5 mil 555 personas que solicitaron esta modalidad de votaci\u00f3n [&hellip;]<\/p>\n","protected":false},"author":4,"featured_media":62231,"comment_status":"open","ping_status":"open","sticky":false,"template":"","format":"standard","meta":{"om_disable_all_campaigns":false,"_monsterinsights_skip_tracking":false,"_monsterinsights_sitenote_active":false,"_monsterinsights_sitenote_note":"","_monsterinsights_sitenote_category":0,"footnotes":""},"categories":[175],"tags":[],"class_list":["post-62230","post","type-post","status-publish","format-standard","has-post-thumbnail","hentry","category-local"],"amp_enabled":true,"_links":{"self":[{"href":"https:\/\/lahora.mx\/index.php\/wp-json\/wp\/v2\/posts\/62230","targetHints":{"allow":["GET"]}}],"collection":[{"href":"https:\/\/lahora.mx\/index.php\/wp-json\/wp\/v2\/posts"}],"about":[{"href":"https:\/\/lahora.mx\/index.php\/wp-json\/wp\/v2\/types\/post"}],"author":[{"embeddable":true,"href":"https:\/\/lahora.mx\/index.php\/wp-json\/wp\/v2\/users\/4"}],"replies":[{"embeddable":true,"href":"https:\/\/lahora.mx\/index.php\/wp-json\/wp\/v2\/comments?post=62230"}],"version-history":[{"count":1,"href":"https:\/\/lahora.mx\/index.php\/wp-json\/wp\/v2\/posts\/62230\/revisions"}],"predecessor-version":[{"id":62232,"href":"https:\/\/lahora.mx\/index.php\/wp-json\/wp\/v2\/posts\/62230\/revisions\/62232"}],"wp:featuredmedia":[{"embeddable":true,"href":"https:\/\/lahora.mx\/index.php\/wp-json\/wp\/v2\/media\/62231"}],"wp:attachment":[{"href":"https:\/\/lahora.mx\/index.php\/wp-json\/wp\/v2\/media?parent=62230"}],"wp:term":[{"taxonomy":"category","embeddable":true,"href":"https:\/\/lahora.mx\/index.php\/wp-json\/wp\/v2\/categories?post=62230"},{"taxonomy":"post_tag","embeddable":true,"href":"https:\/\/lahora.mx\/index.php\/wp-json\/wp\/v2\/tags?post=62230"}],"curies":[{"name":"wp","href":"https:\/\/api.w.org\/{rel}","templated":true}]}}