{"id":62227,"date":"2025-05-13T00:20:30","date_gmt":"2025-05-13T00:20:30","guid":{"rendered":"https:\/\/lahora.mx\/?p=62227"},"modified":"2025-05-13T00:20:30","modified_gmt":"2025-05-13T00:20:30","slug":"ya-hay-fecha-oficial-para-el-fin-del-ciclo-escolar-2024-2025","status":"publish","type":"post","link":"https:\/\/lahora.mx\/index.php\/2025\/05\/13\/ya-hay-fecha-oficial-para-el-fin-del-ciclo-escolar-2024-2025\/","title":{"rendered":"Ya hay fecha oficial para el fin del ciclo escolar 2024-2025"},"content":{"rendered":"\n<p>Despu\u00e9s de las vacaciones de Semana Santa y de los esperados puentes de mayo, muchas familias comienzan a preguntarse lo mismo: \u00bfcu\u00e1ndo acaba el ciclo escolar 2024-2025? Si t\u00fa tambi\u00e9n est\u00e1s organizando las vacaciones o buscando el mejor momento para agendar alg\u00fan viaje familiar, ac\u00e1 te contamos todo lo que necesitas saber seg\u00fan el calendario oficial de la SEP.<\/p>\n\n\n\n<p>Puentes y d\u00edas festivos que quedan en el calendario escolar 2024-2025<br>De acuerdo con la Secretar\u00eda de Educaci\u00f3n P\u00fablica (SEP), el \u00faltimo d\u00eda festivo oficial para los estudiantes de educaci\u00f3n b\u00e1sica ser\u00e1 el mi\u00e9rcoles 14 de mayo, ya que se conmemora el D\u00eda del Maestro. Ese d\u00eda no hay clases, as\u00ed que muchas familias aprovechan para hacer puente si pueden.<br>Despu\u00e9s de esa fecha, ya no hay m\u00e1s d\u00edas festivos marcados en el calendario. Es decir, junio no trae descansos ni efem\u00e9rides con suspensi\u00f3n de clases, as\u00ed que los ni\u00f1os y ni\u00f1as van directo hasta julio.<\/p>\n\n\n\n<p>\u00bfQu\u00e9 es el Consejo T\u00e9cnico Escolar (CTE) y cu\u00e1ndo son los \u00faltimos?<\/p>\n\n\n\n<p>Muchos lo conocen como \u201cese viernes sin clases\u201d, pero el Consejo T\u00e9cnico Escolar (CTE) es mucho m\u00e1s que eso. Se trata de una reuni\u00f3n mensual en la que maestras, maestros y directivos analizan c\u00f3mo va la ense\u00f1anza en la escuela, comparten lo que ha funcionado y ajustan lo que no.<\/p>\n\n\n\n<p>En el ciclo escolar 2024-2025, los \u00faltimos viernes con CTE (y sin clases para los estudiantes) ser\u00e1n viernes 30 de mayo y viernes 27 de junio.<\/p>\n\n\n\n<p>Ojo: aunque tus hijas o hijos no tengan clases esos d\u00edas, los docentes s\u00ed trabajan, ya que est\u00e1n en reuniones de evaluaci\u00f3n y planeaci\u00f3n escolar.<br>\u00bfCu\u00e1ndo se acaban las clases en 2025?<br>Toma nota: el ciclo escolar 2024-2025 termina oficialmente el mi\u00e9rcoles 16 de julio de 2025. Esta fecha aplica para ni\u00f1as, ni\u00f1os y adolescentes de preescolar, primaria y secundaria, tanto en escuelas p\u00fablicas como privadas que siguen el calendario de la SEP.<\/p>\n\n\n\n<p><br>Eso s\u00ed, las y los maestros seguir\u00e1n en funciones hasta el viernes 18 de julio, ya que deben participar en un taller intensivo de formaci\u00f3n continua, con el que cierran el ciclo y se preparan para el que viene.<\/p>\n\n\n\n<p>\u00bfCu\u00e1ndo empieza el ciclo escolar 2025-2026 SEP?<br>Hasta ahora, la SEP no ha publicado la fecha oficial para el inicio del pr\u00f3ximo ciclo escolar 2025-2026. Sin embargo, siguiendo la l\u00f3gica de a\u00f1os anteriores, lo m\u00e1s probable es que las clases comiencen en la \u00faltima semana de agosto.<\/p>\n\n\n\n<p>Si tus peques van a cambiar de escuela o est\u00e1n por iniciar primaria o secundaria, no pierdas de vista los resultados de preinscripci\u00f3n, que suelen publicarse entre febrero y marzo.<\/p>\n\n\n\n<p>Imagen intermedia<br>Ya lo sabes: el ciclo escolar 2024-2025 termina el 16 de julio, no hay m\u00e1s d\u00edas festivos despu\u00e9s del 15 de mayo, y los \u00faltimos viernes sin clases por CTE son en mayo y junio.<\/p>\n\n\n\n<p>Aunque a\u00fan no hay fecha exacta de inicio para el siguiente ciclo, probablemente ser\u00e1 a finales de agosto. Mientras tanto, puedes ir organizando el verano, celebrar los logros escolares y planear con tiempo el regreso a clases.<\/p>\n","protected":false},"excerpt":{"rendered":"<p>Despu\u00e9s de las vacaciones de Semana Santa y de los esperados puentes de mayo, muchas familias comienzan a preguntarse lo mismo: \u00bfcu\u00e1ndo acaba el ciclo escolar 2024-2025? Si t\u00fa tambi\u00e9n est\u00e1s organizando las vacaciones o buscando el mejor momento para agendar alg\u00fan viaje familiar, ac\u00e1 te contamos todo lo que necesitas saber seg\u00fan el calendario [&hellip;]<\/p>\n","protected":false},"author":4,"featured_media":62228,"comment_status":"open","ping_status":"open","sticky":false,"template":"","format":"standard","meta":{"om_disable_all_campaigns":false,"_monsterinsights_skip_tracking":false,"_monsterinsights_sitenote_active":false,"_monsterinsights_sitenote_note":"","_monsterinsights_sitenote_category":0,"footnotes":""},"categories":[176],"tags":[195],"class_list":["post-62227","post","type-post","status-publish","format-standard","has-post-thumbnail","hentry","category-nacional","tag-principal"],"amp_enabled":true,"_links":{"self":[{"href":"https:\/\/lahora.mx\/index.php\/wp-json\/wp\/v2\/posts\/62227","targetHints":{"allow":["GET"]}}],"collection":[{"href":"https:\/\/lahora.mx\/index.php\/wp-json\/wp\/v2\/posts"}],"about":[{"href":"https:\/\/lahora.mx\/index.php\/wp-json\/wp\/v2\/types\/post"}],"author":[{"embeddable":true,"href":"https:\/\/lahora.mx\/index.php\/wp-json\/wp\/v2\/users\/4"}],"replies":[{"embeddable":true,"href":"https:\/\/lahora.mx\/index.php\/wp-json\/wp\/v2\/comments?post=62227"}],"version-history":[{"count":1,"href":"https:\/\/lahora.mx\/index.php\/wp-json\/wp\/v2\/posts\/62227\/revisions"}],"predecessor-version":[{"id":62229,"href":"https:\/\/lahora.mx\/index.php\/wp-json\/wp\/v2\/posts\/62227\/revisions\/62229"}],"wp:featuredmedia":[{"embeddable":true,"href":"https:\/\/lahora.mx\/index.php\/wp-json\/wp\/v2\/media\/62228"}],"wp:attachment":[{"href":"https:\/\/lahora.mx\/index.php\/wp-json\/wp\/v2\/media?parent=62227"}],"wp:term":[{"taxonomy":"category","embeddable":true,"href":"https:\/\/lahora.mx\/index.php\/wp-json\/wp\/v2\/categories?post=62227"},{"taxonomy":"post_tag","embeddable":true,"href":"https:\/\/lahora.mx\/index.php\/wp-json\/wp\/v2\/tags?post=62227"}],"curies":[{"name":"wp","href":"https:\/\/api.w.org\/{rel}","templated":true}]}}